{"id":41532,"date":"2022-02-01T06:55:11","date_gmt":"2022-02-01T12:55:11","guid":{"rendered":"http:\/\/bambapolitica.com.mx\/?p=41532"},"modified":"2022-02-01T07:06:53","modified_gmt":"2022-02-01T13:06:53","slug":"nahle-lleno-el-wtc-sin-acarreos-cgj","status":"publish","type":"post","link":"https:\/\/bambapolitica.com.mx\/index.php\/2022\/02\/01\/nahle-lleno-el-wtc-sin-acarreos-cgj\/","title":{"rendered":"Nahle llen\u00f3 el WTC sin acarreos: CGJ"},"content":{"rendered":"\n<p class=\"has-medium-font-size\">Ya no es como antes!!!<br>Descartado el acarreo en exitoso evento de Roc\u00edo Nahle: Cuitl\u00e1huac Garc\u00eda<\/p>\n\n\n\n<p class=\"has-medium-font-size\">\u2022 \u00c9xito del evento de la oriunda de Coatzacoalcos puso nerviosos a muchos suspirantes del 2024.<\/p>\n\n\n\n<p class=\"has-medium-font-size\">Xalapa, Ver. 01 Febrero 2022.<\/p>\n\n\n\n<p class=\"has-medium-font-size\">De acuerdo al Gobernador de Veracruz, Cuitl\u00e1huac Garc\u00eda, los miles de asistentes que llegaron al evento de la Secretaria de Energ\u00eda, Roc\u00edo Nahle Garc\u00eda en el World Trade Center de Boca del R\u00edo el pasado s\u00e1bado, llegaron desde todos los municipios de Veracruz y lo hicieron por su propia conciencia social, sin presiones y con recursos propios, descartandpo por completo que hubiera existido un acarreo de personas para asistir a dicho evento.<\/p>\n\n\n\n<div class=\"wp-block-image\"><figure class=\"aligncenter size-large\"><img loading=\"lazy\" decoding=\"async\" width=\"696\" height=\"522\" src=\"https:\/\/bambapolitica.com.mx\/wp-content\/uploads\/2022\/02\/3.jpg\" alt=\"\" class=\"wp-image-41538\" srcset=\"https:\/\/bambapolitica.com.mx\/wp-content\/uploads\/2022\/02\/3.jpg 696w, https:\/\/bambapolitica.com.mx\/wp-content\/uploads\/2022\/02\/3-300x225.jpg 300w, https:\/\/bambapolitica.com.mx\/wp-content\/uploads\/2022\/02\/3-195x146.jpg 195w, https:\/\/bambapolitica.com.mx\/wp-content\/uploads\/2022\/02\/3-50x38.jpg 50w, https:\/\/bambapolitica.com.mx\/wp-content\/uploads\/2022\/02\/3-100x75.jpg 100w\" sizes=\"auto, (max-width: 696px) 100vw, 696px\" \/><\/figure><\/div>\n\n\n\n<p class=\"has-medium-font-size\">\u201cNosotros no lo organizamos, la gente se organiz\u00f3 en sus lugares de origen para asistir al evento, aclar\u00f3.<\/p>\n\n\n\n<p class=\"has-medium-font-size\">Ante se\u00f1alamientos en redes sociales sobre los camiones que transportaban a empleados de gobierno, el mandatario estatal descart\u00f3 que se haya obligado a servidores p\u00fablicos del Estado para asistir a la conferencia magistral de la secretaria de Energ\u00eda.<\/p>\n\n\n\n<p class=\"has-medium-font-size\">En conferencia de prensa explic\u00f3 que quienes asistieron al foro informativo sobre la Reforma El\u00e9ctrica, lo hicieron por una conciencia social que es lo que los distingue.<\/p>\n\n\n\n<p class=\"has-medium-font-size\">\u201cPor eso todos entraron con cubrebocas porque son gente consciente, que sabe a lo que va, que se quiere informar\u201d, \u201cno lo dicen los tuits, ni la gente que ahora quiere criticar el \u00e9xito del evento\u201d.<\/p>\n\n\n\n<p class=\"has-medium-font-size\">Garc\u00eda Jim\u00e9nez ejemplifico su dicho con una an\u00e9cdota ocurrida en el foro informativo al aseverar que cuando Roc\u00edo Nahle estaba exponiendo y dijo \u201cuna de las cosas que vamos hacer en esta Reforma el\u00e9ctrica es cancelar estos convenios, estas concesiones mal habidas\u201d la gente aplaudi\u00f3.<\/p>\n\n\n\n<p class=\"has-medium-font-size\">\u201cQuiere decir que la gente estaba atenta y sab\u00eda perfectamente de que se trata la pl\u00e1tica por la reforma el\u00e9ctrica\u201d, dijo.<\/p>\n\n\n\n<p class=\"has-medium-font-size\">Insisti\u00f3 en que en su gobierno esa practicas est\u00e1n erradicadas \u201cya es diferente\u201d, dijo al distanciarse de los gobiernos \u201cneoliberales\u201d.<\/p>\n\n\n\n<p class=\"has-medium-font-size\">\u201cSe acuerdan que antes era darle a los asistentes la torta y el frutsi\u201d. Ac\u00e1 ya no se hace eso, Aqu\u00ed es la conciencia social lo que los distingue sostuvo, en este movimiento ha sido hist\u00f3rica la participaci\u00f3n del pueblo organizado, siempre nos hemos organizado, para todo. Para luchar contra el antiguo r\u00e9gimen.<\/p>\n\n\n\n<p class=\"has-medium-font-size\">El Estado no erog\u00f3 ni un s\u00f3lo peso para dicho evento, fue una invitaci\u00f3n del Congreso y del Gobierno estatal al admitir una erogaci\u00f3n por la renta del World Trade Center se la repartir\u00e1n ante los diputados.<\/p>\n\n\n\n<p class=\"has-medium-font-size\">Presumi\u00f3 que en la Plenaria de Morena en el Senado, el tema que acapar\u00f3 la atenci\u00f3n en la participaci\u00f3n de Roc\u00edo Nahle fue el exitoso evento que tuvo en Veracruz la titular de la SENER, indic\u00f3 Cuitl\u00e1huac Garc\u00eda al criticar que \u201cantes no hab\u00eda foros, solo televisi\u00f3n\u201d.<\/p>\n\n\n\n<p class=\"has-medium-font-size\">En eses sentido adelant\u00f3 que habr\u00e1 m\u00e1s foros y revel\u00f3 que ir\u00e1 a visitar la refiner\u00eda Dos Bocas, pr\u00f3xima a inaugurarse.<\/p>\n","protected":false},"excerpt":{"rendered":"<p>Ya no es como antes!!!Descartado el acarreo en exitoso evento de Roc\u00edo Nahle: Cuitl\u00e1huac Garc\u00eda&#8230;<\/p>\n","protected":false},"author":4,"featured_media":41537,"comment_status":"closed","ping_status":"closed","sticky":false,"template":"","format":"standard","meta":{"footnotes":""},"categories":[4],"tags":[],"class_list":["post-41532","post","type-post","status-publish","format-standard","has-post-thumbnail","hentry","category-noticias-del-dia"],"_links":{"self":[{"href":"https:\/\/bambapolitica.com.mx\/index.php\/wp-json\/wp\/v2\/posts\/41532","targetHints":{"allow":["GET"]}}],"collection":[{"href":"https:\/\/bambapolitica.com.mx\/index.php\/wp-json\/wp\/v2\/posts"}],"about":[{"href":"https:\/\/bambapolitica.com.mx\/index.php\/wp-json\/wp\/v2\/types\/post"}],"author":[{"embeddable":true,"href":"https:\/\/bambapolitica.com.mx\/index.php\/wp-json\/wp\/v2\/users\/4"}],"replies":[{"embeddable":true,"href":"https:\/\/bambapolitica.com.mx\/index.php\/wp-json\/wp\/v2\/comments?post=41532"}],"version-history":[{"count":2,"href":"https:\/\/bambapolitica.com.mx\/index.php\/wp-json\/wp\/v2\/posts\/41532\/revisions"}],"predecessor-version":[{"id":41540,"href":"https:\/\/bambapolitica.com.mx\/index.php\/wp-json\/wp\/v2\/posts\/41532\/revisions\/41540"}],"wp:featuredmedia":[{"embeddable":true,"href":"https:\/\/bambapolitica.com.mx\/index.php\/wp-json\/wp\/v2\/media\/41537"}],"wp:attachment":[{"href":"https:\/\/bambapolitica.com.mx\/index.php\/wp-json\/wp\/v2\/media?parent=41532"}],"wp:term":[{"taxonomy":"category","embeddable":true,"href":"https:\/\/bambapolitica.com.mx\/index.php\/wp-json\/wp\/v2\/categories?post=41532"},{"taxonomy":"post_tag","embeddable":true,"href":"https:\/\/bambapolitica.com.mx\/index.php\/wp-json\/wp\/v2\/tags?post=41532"}],"curies":[{"name":"wp","href":"https:\/\/api.w.org\/{rel}","templated":true}]}}