{"id":42248,"date":"2022-02-17T08:04:42","date_gmt":"2022-02-17T14:04:42","guid":{"rendered":"http:\/\/bambapolitica.com.mx\/?p=42248"},"modified":"2022-02-17T08:05:39","modified_gmt":"2022-02-17T14:05:39","slug":"feministas-rechazan-reformas-para-legalizar-vientres-de-alquiler","status":"publish","type":"post","link":"https:\/\/bambapolitica.com.mx\/index.php\/2022\/02\/17\/feministas-rechazan-reformas-para-legalizar-vientres-de-alquiler\/","title":{"rendered":"Feministas rechazan reformas para legalizar vientres de alquiler"},"content":{"rendered":"\n<p class=\"has-medium-font-size\">Ciudad de M\u00e9xico\/ Cimac. 17 de febrero de 2022.<\/p>\n\n\n\n<p class=\"has-medium-font-size\">El pasado martes colectivos feministas se manifestaron afuera del Congreso de la Ciudad de M\u00e9xico para exigir que no se apruebe ninguna ley que reconozca y regule la maternidad subrogada sin fines de lucro, iniciativas que, desde su perspectiva, son pagadas por empresas que promueven los \u201cvientres de alquiler\u201d.<\/p>\n\n\n\n<p class=\"has-medium-font-size\">Actualmente el Congreso capitalino analiza dos propuestas para legalizar los llamados \u201cvientres de alquiler\u201d, una presentada por el diputado del PRD, Jorge Gavi\u00f1o Ambriz, y otra por la diputada de Morena, Esperanza Villalobos P\u00e9rez, pero a decir de las defensoras feministas se trata de propuestas para legalizar la esclavitud de las mujeres.<\/p>\n\n\n\n<p class=\"has-medium-font-size\">La ma\u00f1ana de este 15 de febrero las mujeres protestaron con la vestimenta roja que caracteriza la serie \u201cEl Cuento de la Criada\u201d, basada en el libro del mismo nombre de la escritora canadiense, Margaret Atwood, quien narra un mundo dist\u00f3pico donde las mujeres son violadas para procrear hijos y entregarlos a familias ricas.<\/p>\n\n\n\n<p class=\"has-medium-font-size\">Tras la manifestaci\u00f3n afuera del recinto legislativo, feministas como la abogada Patricia Olamendi Torres, Yndira Sandoval S\u00e1nchez, Beatriz Cos\u00edo Nava y Yan Mar\u00eda Yaoy\u00f3lotl Castro, se reunieron con diputadas y diputados para expresar sus argumentos, por ejemplo, que la llamada gestaci\u00f3n subrogada es explotar el cuerpo de las mujeres con fines reproductivos.<\/p>\n\n\n\n<p class=\"has-medium-font-size\">En la reuni\u00f3n participaron Jorge Gavi\u00f1o y Esperanza Villalobos P\u00e9rez, pero tambi\u00e9n estuvieron la presidenta de la Comisi\u00f3n de Igualdad de G\u00e9nero, Ana Francis Mor; la coordinadora de la bancada Asociaci\u00f3n Parlamentaria de Mujeres Dem\u00f3cratas, Elizabeth Mateos Hern\u00e1ndez y la presidenta de la Comisi\u00f3n de Derechos Humanos, Marisela Z\u00fa\u00f1iga Zen\u00f3n, entre otras.<\/p>\n\n\n\n<p class=\"has-medium-font-size\">Despu\u00e9s del encuentro, en conferencia de prensa, Patricia Olamendi Torres expuso que es claro que los diputados Gavi\u00f1o Ambriz y Villalobos P\u00e9rez no conocen el fondo de sus propuestas, que en realidad buscan legalizar la esclavitud de personas, lo que est\u00e1 prohibo en el art\u00edculo 1 de la Constituci\u00f3n Pol\u00edtica a nivel federal.<\/p>\n\n\n\n<p class=\"has-medium-font-size\">En la rueda de prensa la legisladora Elizabeth Mateos Hern\u00e1ndez, quien en esta legislatura integr\u00f3 y coordina la bancada Asociaci\u00f3n Parlamentaria de Mujeres Dem\u00f3cratas, se comprometi\u00f3 con las colectivas feministas y dijo que las legisladoras insistir\u00e1n con los promoventes de estas propuestas para retirar las iniciativas de ley.<\/p>\n\n\n\n<p class=\"has-medium-font-size\">La diputada asegur\u00f3 a las manifestantes que va a \u201cdar la batalla\u201d para que las iniciativas no se aprueben. Asimismo advirti\u00f3 que hasta donde sabe, legalizar los vientres de alquiler no son parte de la agenda del Gobierno capitalino, pero adem\u00e1s son propuestas individuales porque tampoco fueron avaladas por los grupos parlamentarios del PRD ni de Morena.<\/p>\n\n\n\n<p class=\"has-medium-font-size\">Las iniciativas para expedir la ley de gestaci\u00f3n subrogada se analizan en las comisiones de Salud y de Igualdad de G\u00e9nero, presididas por las morenistas Lourdes Paz Reyes y Ana Francis Mor, respectivamente.<\/p>\n\n\n\n<p class=\"has-medium-font-size\">Previo a esta protesta, en un encuentro virtual que se realiz\u00f3 este lunes 14, la perredista Guadalupe Almaguer Pardo y la directora de la Coalici\u00f3n Regional contra el Tr\u00e1fico de Mujeres y Ni\u00f1as en Am\u00e9rica Latina y el Caribe (CATWLAC, por sus siglas en ingl\u00e9s), Teresa Ulloa Zi\u00e1urriz, se sumaron al rechazo de los vientres de alquiler.<\/p>\n\n\n\n<p class=\"has-medium-font-size\">Las feministas se\u00f1alaron que la gestaci\u00f3n subrogada explota el cuerpo de las mujeres con fines reproductivos, pero en particular afecta a las mujeres pobres. Se\u00f1alaron que aunque hay dos estados que regularon esta pr\u00e1ctica: Tabasco y Sinaloa, alquilar el vientre no forma parte de la libre elecci\u00f3n de las mujeres.<\/p>\n\n\n\n<p class=\"has-medium-font-size\">Almaguer Pardo, quien de 2018 a 2021 fue diputada federal por el PRD, destac\u00f3 que hay un argumento \u201cfalaz e hip\u00f3crita\u201d que dice que las mujeres y particularmente las pobres tienen que resolver la necesidad de otras parejas de tener hijos, porque tener descendencia es un derecho, lo cual en su opini\u00f3n no puede estar sobre la explotaci\u00f3n de las mujeres.<\/p>\n\n\n\n<p class=\"has-medium-font-size\">Al respecto, Teresa Ulloa Zi\u00e1urriz record\u00f3 que en junio de 2021 la Suprema Corte de Justicia de la Naci\u00f3n (SCJN) analiz\u00f3 la constitucionalidad de la legislaci\u00f3n en Tabasco y abri\u00f3 la puerta a que cada estado regule la llamada gestaci\u00f3n subrogada, pero s\u00f3lo un ministr\u00f3 habl\u00f3 de que se estaba intentando mercantilizar la maternidad.<\/p>\n\n\n\n<p class=\"has-medium-font-size\">La defensora de los derechos de las mujeres tambi\u00e9n reclam\u00f3 que la presidenta de la Comisi\u00f3n de Igualdad de G\u00e9nero del Congreso local, la morenista Ana Francis Mor, quien es reconocida por su trayectoria feminista, haya afirmado que \u201clas mujeres tienen derecho alquilar sus cuerpos\u201d. En este contexto asegur\u00f3 que si la paridad no sirve a los derechos de las mujeres en realidad no sirve.<\/p>\n\n\n\n<p class=\"has-medium-font-size\">La abogada Patricia Olamendi destac\u00f3 que las inactivas defienden los \u201cvientres de alquiler\u201d, lo que incluye el comercio de seres humanos y la violaci\u00f3n de la dignidad de las mujeres y de sus Derechos Humanos al convertirlas en mercanc\u00eda. En este sentido alert\u00f3 que la legislaci\u00f3n civil no puede permitir contratos donde el objeto es la utilizaci\u00f3n del cuerpo y la entrega de un ser humano.<\/p>\n\n\n\n<p class=\"has-medium-font-size\">Colectivas como Tenemos Otros Datos, Las Constituyentes Feministas, Feministas Abolicionistas Mexicanas, y Colectiva Asteria promueven un pronunciamiento en el que exigen al Congreso local prohibir y sancionar los \u201cvientres de alquiler\u201d para que la capital no se vuelva para\u00edso de empresas que violan la dignidad humana y que venden ni\u00f1as y ni\u00f1os como mercanc\u00eda.<\/p>\n\n\n\n<p>reporterosenmovimiento<\/p>\n","protected":false},"excerpt":{"rendered":"<p>Ciudad de M\u00e9xico\/ Cimac. 17 de febrero de 2022. El pasado martes colectivos feministas se&#8230;<\/p>\n","protected":false},"author":4,"featured_media":42264,"comment_status":"closed","ping_status":"closed","sticky":false,"template":"","format":"standard","meta":{"footnotes":""},"categories":[4],"tags":[],"class_list":["post-42248","post","type-post","status-publish","format-standard","has-post-thumbnail","hentry","category-noticias-del-dia"],"_links":{"self":[{"href":"https:\/\/bambapolitica.com.mx\/index.php\/wp-json\/wp\/v2\/posts\/42248","targetHints":{"allow":["GET"]}}],"collection":[{"href":"https:\/\/bambapolitica.com.mx\/index.php\/wp-json\/wp\/v2\/posts"}],"about":[{"href":"https:\/\/bambapolitica.com.mx\/index.php\/wp-json\/wp\/v2\/types\/post"}],"author":[{"embeddable":true,"href":"https:\/\/bambapolitica.com.mx\/index.php\/wp-json\/wp\/v2\/users\/4"}],"replies":[{"embeddable":true,"href":"https:\/\/bambapolitica.com.mx\/index.php\/wp-json\/wp\/v2\/comments?post=42248"}],"version-history":[{"count":2,"href":"https:\/\/bambapolitica.com.mx\/index.php\/wp-json\/wp\/v2\/posts\/42248\/revisions"}],"predecessor-version":[{"id":42266,"href":"https:\/\/bambapolitica.com.mx\/index.php\/wp-json\/wp\/v2\/posts\/42248\/revisions\/42266"}],"wp:featuredmedia":[{"embeddable":true,"href":"https:\/\/bambapolitica.com.mx\/index.php\/wp-json\/wp\/v2\/media\/42264"}],"wp:attachment":[{"href":"https:\/\/bambapolitica.com.mx\/index.php\/wp-json\/wp\/v2\/media?parent=42248"}],"wp:term":[{"taxonomy":"category","embeddable":true,"href":"https:\/\/bambapolitica.com.mx\/index.php\/wp-json\/wp\/v2\/categories?post=42248"},{"taxonomy":"post_tag","embeddable":true,"href":"https:\/\/bambapolitica.com.mx\/index.php\/wp-json\/wp\/v2\/tags?post=42248"}],"curies":[{"name":"wp","href":"https:\/\/api.w.org\/{rel}","templated":true}]}}