{"id":42250,"date":"2022-02-17T08:10:19","date_gmt":"2022-02-17T14:10:19","guid":{"rendered":"http:\/\/bambapolitica.com.mx\/?p=42250"},"modified":"2022-02-17T08:10:21","modified_gmt":"2022-02-17T14:10:21","slug":"comunicado-joaquin-guzman-aviles-pan","status":"publish","type":"post","link":"https:\/\/bambapolitica.com.mx\/index.php\/2022\/02\/17\/comunicado-joaquin-guzman-aviles-pan\/","title":{"rendered":"Comunicado Joaqu\u00edn Guzm\u00e1n Avil\u00e9s (PAN)"},"content":{"rendered":"\n<p class=\"has-medium-font-size\">Tribunal Electoral de Veracruz ordena repetir elecci\u00f3n interna del PAN y revoca dirigencia de Federico Salom\u00f3n.<\/p>\n\n\n\n<p class=\"has-medium-font-size\">A la militancia panista de Veracruz:<\/p>\n\n\n\n<p class=\"has-medium-font-size\">El panismo veracruzano celebra la resoluci\u00f3n emitida el d\u00eda de hoy por el Tribunal Electoral del Estado, en el expediente TEV-JDC-016\/2022, mediante la cual revoca la resoluci\u00f3n dictada por la Comisi\u00f3n de Justicia del Comit\u00e9 Ejecutivo Nacional de nuestro partido.<\/p>\n\n\n\n<p class=\"has-medium-font-size\">Cabe recordar, que el pasado mes de diciembre, se llevo a cabo una elecci\u00f3n de dirigencia estatal sui generis, la cual desde el primer momento hicimos valer agravios ante los \u00f3rganos partidistas, pidiendo el respeto a la Convocatoria, Estatutos y Reglamentos intrapartidistas, para dotar de certeza, legalidad, imparcialidad y objetividad nuestro proceso interno de selecci\u00f3n de Presidencia, Secretaria General y siete integrantes.<\/p>\n\n\n\n<p class=\"has-medium-font-size\">Somos el partido con los mejores procesos internos, por lo que nuestro actuar siempre ha sido a favor de la democracia y la legalidad, no obstante hoy tiene que ser el Tribunal Electoral de Veracruz, quien corrija la plana, ya que nuestros \u00f3rganos internos no fueron capaces de reconocer los vicios procedimentales, al interpretar a modo los ordenamientos internos y a los cu\u00e1les todos los integrantes de las planillas contendientes nos sometimos mediante escrito en el formato 3 de la convocatoria en perjuicio de la planilla que represento.<\/p>\n\n\n\n<p class=\"has-medium-font-size\">Hoy con la fuerza de todas y todos los militantes que creyeron en el proyecto de continuidad en la dirigencia, les digo que seguimos de pie, que se continuaran fortaleciendo los liderazgos, que recuperaremos la esencia democr\u00e1tica, debemos liberar de cualquier control que ri\u00f1a con el prop\u00f3sito pol\u00edtico del partido.<\/p>\n\n\n\n<p class=\"has-medium-font-size\">\u201cEl PAN es de todos, no es de una familia o de un grupo, es de todas y todos los militantes\u201d.<\/p>\n\n\n\n<p class=\"has-medium-font-size\">Agradecemos a los magistrados del Tribunal Estatal de Veracruz por una justicia real y no a modo, por lo que queda claro el fallo que indica el desconocimiento a la dirigencia que actualmente encabeza Federico Salom\u00f3n Molina, y orden\u00f3 sustituir el procedimiento de elecci\u00f3n interna del Partido Acci\u00f3n Nacional.<\/p>\n\n\n\n<p class=\"has-medium-font-size\">Eso significa que la elecci\u00f3n se tiene que repetir desde el momento en que cambiaron la planilla y nombraron a Federico Salom\u00f3n Molina, violentando las normas establecidas en la propia convocatoria.<\/p>\n\n\n\n<p class=\"has-medium-font-size\">Ello tambi\u00e9n significa que, al tener que repetirse el proceso interno, los nombramientos que se hayan realizado por la dirigencia que actualmente se encuentra en las instalaciones del comit\u00e9 Directivo Estatal del PAN, no tienen validez.<\/p>\n\n\n\n<p class=\"has-medium-font-size\">Como planilla confiamos en las autoridades jurisdiccionales y le agradecemos su valor y compromiso no s\u00f3lo con M\u00e9xico, sino con nuestro amado Veracruz. Y les aseguramos a los veracruzanos y panistas que seguiremos trabajando por unir a nuestro partido, porque no le apostamos a la divisi\u00f3n, sino todo lo contrario, buscamos que Acci\u00f3n Nacional recupere la unidad, su esencia y su fuerza, para llegar fortalecidos a futuros procesos no s\u00f3lo del estado, sino del pa\u00eds.<\/p>\n\n\n\n<p class=\"has-medium-font-size\">Les agradezco su confianza y les reitero mi gratitud, un abrazo fraterno a todos.<\/p>\n","protected":false},"excerpt":{"rendered":"<p>Tribunal Electoral de Veracruz ordena repetir elecci\u00f3n interna del PAN y revoca dirigencia de Federico&#8230;<\/p>\n","protected":false},"author":4,"featured_media":42270,"comment_status":"closed","ping_status":"closed","sticky":false,"template":"","format":"standard","meta":{"footnotes":""},"categories":[4],"tags":[],"class_list":["post-42250","post","type-post","status-publish","format-standard","has-post-thumbnail","hentry","category-noticias-del-dia"],"_links":{"self":[{"href":"https:\/\/bambapolitica.com.mx\/index.php\/wp-json\/wp\/v2\/posts\/42250","targetHints":{"allow":["GET"]}}],"collection":[{"href":"https:\/\/bambapolitica.com.mx\/index.php\/wp-json\/wp\/v2\/posts"}],"about":[{"href":"https:\/\/bambapolitica.com.mx\/index.php\/wp-json\/wp\/v2\/types\/post"}],"author":[{"embeddable":true,"href":"https:\/\/bambapolitica.com.mx\/index.php\/wp-json\/wp\/v2\/users\/4"}],"replies":[{"embeddable":true,"href":"https:\/\/bambapolitica.com.mx\/index.php\/wp-json\/wp\/v2\/comments?post=42250"}],"version-history":[{"count":1,"href":"https:\/\/bambapolitica.com.mx\/index.php\/wp-json\/wp\/v2\/posts\/42250\/revisions"}],"predecessor-version":[{"id":42271,"href":"https:\/\/bambapolitica.com.mx\/index.php\/wp-json\/wp\/v2\/posts\/42250\/revisions\/42271"}],"wp:featuredmedia":[{"embeddable":true,"href":"https:\/\/bambapolitica.com.mx\/index.php\/wp-json\/wp\/v2\/media\/42270"}],"wp:attachment":[{"href":"https:\/\/bambapolitica.com.mx\/index.php\/wp-json\/wp\/v2\/media?parent=42250"}],"wp:term":[{"taxonomy":"category","embeddable":true,"href":"https:\/\/bambapolitica.com.mx\/index.php\/wp-json\/wp\/v2\/categories?post=42250"},{"taxonomy":"post_tag","embeddable":true,"href":"https:\/\/bambapolitica.com.mx\/index.php\/wp-json\/wp\/v2\/tags?post=42250"}],"curies":[{"name":"wp","href":"https:\/\/api.w.org\/{rel}","templated":true}]}}