{"id":42296,"date":"2022-02-18T07:03:11","date_gmt":"2022-02-18T13:03:11","guid":{"rendered":"http:\/\/bambapolitica.com.mx\/?p=42296"},"modified":"2022-02-18T07:03:12","modified_gmt":"2022-02-18T13:03:12","slug":"propaem-investigara-descarga-de-desechos-en-valle-de-bravo","status":"publish","type":"post","link":"https:\/\/bambapolitica.com.mx\/index.php\/2022\/02\/18\/propaem-investigara-descarga-de-desechos-en-valle-de-bravo\/","title":{"rendered":"Propaem investigar\u00e1 descarga de desechos en Valle de Bravo"},"content":{"rendered":"\n<p class=\"has-medium-font-size\">La Propaem adelant\u00f3 que en los pr\u00f3ximos d\u00edas informar\u00e1 sobre los avances y hallazgos de las investigaciones que emprender\u00e1n<\/p>\n\n\n\n<p class=\"has-medium-font-size\">La Procuradur\u00eda de Protecci\u00f3n al Ambiente del Estado de M\u00e9xico (Propaem) afirm\u00f3 que dar\u00e1 seguimiento a la descarga de desechos en Valle de Bravo, donde la empresa privada SANIVALLE contamin\u00f3 r\u00edos y el lago de Valle de Bravo.<\/p>\n\n\n\n<p class=\"has-medium-font-size\">La dependencia se\u00f1al\u00f3 que investigar\u00e1 el caso e inspeccionar\u00e1 el lugar para reunir informaci\u00f3n sobre este hecho, con lo cual espera clarificar lo que ocurri\u00f3 en el municipio mexiquense.<\/p>\n\n\n\n<p class=\"has-medium-font-size\">Aunque hasta el momento no se ha interpuesto una denuncia oficial ante esta Procuradur\u00eda, evaluar\u00e1n lo ocurrido considerando lo que dio a conocer la Jornada Estado de M\u00e9xico.<\/p>\n\n\n\n<p class=\"has-medium-font-size\">La Propaem a\u00f1adi\u00f3 que, aunque se trata de un tema que compete directamente a la Comisi\u00f3n Nacional del Agua (Conagua), le dar\u00e1n seguimiento y analizar\u00e1n la manera en que la citada empresa est\u00e1 manejando los residuos.<\/p>\n\n\n\n<p class=\"has-medium-font-size\">Por lo anterior, las indagaciones y la recolecci\u00f3n de pruebas estar\u00e1n enfocados a tener evidencia de la eficiencia o ineficiencia con la que esta empresa privada da tratamiento a sus desechos.<\/p>\n\n\n\n<p class=\"has-medium-font-size\">La Propaem adelant\u00f3 que en los pr\u00f3ximos d\u00edas informar\u00e1 sobre los avances y hallazgos de las investigaciones que emprender\u00e1n.<\/p>\n\n\n\n<p class=\"has-medium-font-size\">La Conagua no se posicion\u00f3 ni inform\u00f3 sobre las acciones o medidas que se deben tomar ante estos hechos. Pese a que se le solicit\u00f3 dicha informaci\u00f3n, hasta el cierre de la edici\u00f3n no se obtuvo respuesta.<\/p>\n\n\n\n<p class=\"has-medium-font-size\">En la nota publicada por la Jornada Estado de M\u00e9xico, se denunci\u00f3 que trabajadores de la empresa privada SANIVALLE fueron grabados mientras descargaba aguas residuales en una coladera.<\/p>\n\n\n\n<p class=\"has-medium-font-size\">L\u00edquido contaminado que termin\u00f3 en el lago de Valle de Bravo o en alg\u00fan r\u00edo de la regi\u00f3n, ya que los c\u00e1rcamos que se usan para darle tratamiento a las aguas negras no operan.<\/p>\n\n\n\n<p class=\"has-medium-font-size\">Adem\u00e1s, en el texto se especifica que SANIVALLE es una empresa privada que presta servicio de ba\u00f1os port\u00e1tiles y desazolve de fosas s\u00e9pticas, por lo que deber\u00eda tener su propia planta tratadora o los medios adecuados para verter sus residuos, pero en vez de ello, los arroja a la coladera sin autorizaci\u00f3n del gobierno municipal.<\/p>\n\n\n\n<p>estadodemexico.jornada<\/p>\n","protected":false},"excerpt":{"rendered":"<p>La Propaem adelant\u00f3 que en los pr\u00f3ximos d\u00edas informar\u00e1 sobre los avances y hallazgos de&#8230;<\/p>\n","protected":false},"author":4,"featured_media":42309,"comment_status":"closed","ping_status":"closed","sticky":false,"template":"","format":"standard","meta":{"footnotes":""},"categories":[4],"tags":[],"class_list":["post-42296","post","type-post","status-publish","format-standard","has-post-thumbnail","hentry","category-noticias-del-dia"],"_links":{"self":[{"href":"https:\/\/bambapolitica.com.mx\/index.php\/wp-json\/wp\/v2\/posts\/42296","targetHints":{"allow":["GET"]}}],"collection":[{"href":"https:\/\/bambapolitica.com.mx\/index.php\/wp-json\/wp\/v2\/posts"}],"about":[{"href":"https:\/\/bambapolitica.com.mx\/index.php\/wp-json\/wp\/v2\/types\/post"}],"author":[{"embeddable":true,"href":"https:\/\/bambapolitica.com.mx\/index.php\/wp-json\/wp\/v2\/users\/4"}],"replies":[{"embeddable":true,"href":"https:\/\/bambapolitica.com.mx\/index.php\/wp-json\/wp\/v2\/comments?post=42296"}],"version-history":[{"count":1,"href":"https:\/\/bambapolitica.com.mx\/index.php\/wp-json\/wp\/v2\/posts\/42296\/revisions"}],"predecessor-version":[{"id":42310,"href":"https:\/\/bambapolitica.com.mx\/index.php\/wp-json\/wp\/v2\/posts\/42296\/revisions\/42310"}],"wp:featuredmedia":[{"embeddable":true,"href":"https:\/\/bambapolitica.com.mx\/index.php\/wp-json\/wp\/v2\/media\/42309"}],"wp:attachment":[{"href":"https:\/\/bambapolitica.com.mx\/index.php\/wp-json\/wp\/v2\/media?parent=42296"}],"wp:term":[{"taxonomy":"category","embeddable":true,"href":"https:\/\/bambapolitica.com.mx\/index.php\/wp-json\/wp\/v2\/categories?post=42296"},{"taxonomy":"post_tag","embeddable":true,"href":"https:\/\/bambapolitica.com.mx\/index.php\/wp-json\/wp\/v2\/tags?post=42296"}],"curies":[{"name":"wp","href":"https:\/\/api.w.org\/{rel}","templated":true}]}}