{"id":42866,"date":"2022-03-04T07:34:36","date_gmt":"2022-03-04T13:34:36","guid":{"rendered":"http:\/\/bambapolitica.com.mx\/?p=42866"},"modified":"2022-03-04T07:34:46","modified_gmt":"2022-03-04T13:34:46","slug":"triste-que-monreal-defienda-a-delincuentes-ssp","status":"publish","type":"post","link":"https:\/\/bambapolitica.com.mx\/index.php\/2022\/03\/04\/triste-que-monreal-defienda-a-delincuentes-ssp\/","title":{"rendered":"Triste que Monreal defienda a delincuentes: SSP"},"content":{"rendered":"\n<p class=\"has-medium-font-size\">Visit\u00f3 el Congreso Local!!!<\/p>\n\n\n\n<p class=\"has-medium-font-size\">Triste que Ricardo Monreal defienda a delincuentes: Guti\u00e9rrez Maldonado<\/p>\n\n\n\n<p class=\"has-medium-font-size\">Xalapa, Ver. 04 marzo 2022.<\/p>\n\n\n\n<p class=\"has-medium-font-size\">Al afirmar que los polic\u00edas en Veracruz siguen respaldados en contra de los agresores y delincuentes, el Secretario de Seguridad P\u00fablica Estatal (SSP), Hugo Guti\u00e9rrez Maldonado, se lanz\u00f3 contra el presidente de la Junta de Coordinaci\u00f3n Pol\u00edtica del Senado de la Rep\u00fablica, Ricardo Monreal.<\/p>\n\n\n\n<p class=\"has-medium-font-size\">Al respecto, el funcionario lament\u00f3 que a Veracruz &#8220;han venido voces&#8221; a defender a los delincuentes, lo que calific\u00f3 como &#8220;triste&#8221;.<\/p>\n\n\n\n<p class=\"has-medium-font-size\">&#8220;Hay otros Estados mucho m\u00e1s problem\u00e1ticos y estos personajes no se han metido en esos Estados&#8221;, se\u00f1al\u00f3.<\/p>\n\n\n\n<p class=\"has-medium-font-size\">\u00bfHabla de Monreal, concretamente?, se le cuestion\u00f3.<\/p>\n\n\n\n<p class=\"has-medium-font-size\">&#8220;S\u00ed, Monreal o cualquier otra persona que venga a gritar aqu\u00ed que las leyes est\u00e1n mal; aqu\u00ed en Veracruz las cosas est\u00e1n saliendo bien y por eso somos el segundo lugar m\u00e1s seguro y no vamos a permitir que sigan viniendo personas que vengan a reclamar casos de \u00e9xito como es Veracruz&#8221;, respondi\u00f3 el titular de la SSP.-<\/p>\n\n\n\n<p class=\"has-medium-font-size\">Guti\u00e9rrez Maldonado acudi\u00f3 al Congreso del Estado para la presentaci\u00f3n del plan de trabajo de la Comisi\u00f3n de Seguridad P\u00fablica, en donde insisti\u00f3 en que la entidad es la segunda el pa\u00eds con menos inseguridad.<\/p>\n\n\n\n<p class=\"has-medium-font-size\">Respecto a la determinaci\u00f3n de la Suprema Corte de Justicia de la Naci\u00f3n (SCNG) que declar\u00f3 como inconstitucional el delito de ultrajes a la autoridad, Guti\u00e9rrez Maldonado refiri\u00f3 que dejaron vigente el art\u00edculo 371 quinquies, que protege a los elementos de seguridad cuando sean atacados por delincuentes.<\/p>\n\n\n\n<p class=\"has-medium-font-size\">&#8220;En el art\u00edculo 371 (queda exactamente igual, la \u00fanica diferencia es que ya habla de que solamente el funcionario p\u00fablico puede ser un polic\u00eda estatal o un polic\u00eda municipal, pero queda exactamente igual.<\/p>\n\n\n\n<p class=\"has-medium-font-size\">&#8220;En este Gobierno los ultrajes siempre se usaron para quien atacara a los polic\u00edas; en ning\u00fan caso hay personas en el penal porque cualquier otro funcionario, que no tuviera que ver con la seguridad, los acusara&#8221;, se\u00f1al\u00f3.<\/p>\n","protected":false},"excerpt":{"rendered":"<p>Visit\u00f3 el Congreso Local!!! Triste que Ricardo Monreal defienda a delincuentes: Guti\u00e9rrez Maldonado Xalapa, Ver&#8230;.<\/p>\n","protected":false},"author":4,"featured_media":42878,"comment_status":"closed","ping_status":"closed","sticky":false,"template":"","format":"standard","meta":{"footnotes":""},"categories":[4],"tags":[],"class_list":["post-42866","post","type-post","status-publish","format-standard","has-post-thumbnail","hentry","category-noticias-del-dia"],"_links":{"self":[{"href":"https:\/\/bambapolitica.com.mx\/index.php\/wp-json\/wp\/v2\/posts\/42866","targetHints":{"allow":["GET"]}}],"collection":[{"href":"https:\/\/bambapolitica.com.mx\/index.php\/wp-json\/wp\/v2\/posts"}],"about":[{"href":"https:\/\/bambapolitica.com.mx\/index.php\/wp-json\/wp\/v2\/types\/post"}],"author":[{"embeddable":true,"href":"https:\/\/bambapolitica.com.mx\/index.php\/wp-json\/wp\/v2\/users\/4"}],"replies":[{"embeddable":true,"href":"https:\/\/bambapolitica.com.mx\/index.php\/wp-json\/wp\/v2\/comments?post=42866"}],"version-history":[{"count":1,"href":"https:\/\/bambapolitica.com.mx\/index.php\/wp-json\/wp\/v2\/posts\/42866\/revisions"}],"predecessor-version":[{"id":42879,"href":"https:\/\/bambapolitica.com.mx\/index.php\/wp-json\/wp\/v2\/posts\/42866\/revisions\/42879"}],"wp:featuredmedia":[{"embeddable":true,"href":"https:\/\/bambapolitica.com.mx\/index.php\/wp-json\/wp\/v2\/media\/42878"}],"wp:attachment":[{"href":"https:\/\/bambapolitica.com.mx\/index.php\/wp-json\/wp\/v2\/media?parent=42866"}],"wp:term":[{"taxonomy":"category","embeddable":true,"href":"https:\/\/bambapolitica.com.mx\/index.php\/wp-json\/wp\/v2\/categories?post=42866"},{"taxonomy":"post_tag","embeddable":true,"href":"https:\/\/bambapolitica.com.mx\/index.php\/wp-json\/wp\/v2\/tags?post=42866"}],"curies":[{"name":"wp","href":"https:\/\/api.w.org\/{rel}","templated":true}]}}