{"id":42886,"date":"2022-03-04T07:43:58","date_gmt":"2022-03-04T13:43:58","guid":{"rendered":"http:\/\/bambapolitica.com.mx\/?p=42886"},"modified":"2022-03-04T07:44:01","modified_gmt":"2022-03-04T13:44:01","slug":"buscan-a-complice-de-presunto-feminicida-de-michell-simon-en-alcaldia-venustiano-carranza","status":"publish","type":"post","link":"https:\/\/bambapolitica.com.mx\/index.php\/2022\/03\/04\/buscan-a-complice-de-presunto-feminicida-de-michell-simon-en-alcaldia-venustiano-carranza\/","title":{"rendered":"Buscan a c\u00f3mplice de presunto feminicida de Michell Simon en alcald\u00eda Venustiano Carranza"},"content":{"rendered":"\n<p class=\"has-medium-font-size\">El supuesto c\u00f3mplice de Miguel &#8216;N&#8217; habr\u00eda participado al proporcionar el veh\u00edculo blanco en el cual se deshicieron del cuerpo de la modelo veracruzana.<\/p>\n\n\n\n<p class=\"has-medium-font-size\">Elementos de la Polic\u00eda de Investigaci\u00f3n, del grupo de reacci\u00f3n de la Fiscal\u00eda General de Justicia de la Ciudad de M\u00e9xico (FGJ CdMx) y el Ministerio P\u00fablico, realizaron una diligencia en el Retorno 14 de la avenida Del Taller, en busca del c\u00f3mplice del presunto feminicida de Michell Simon. <\/p>\n\n\n\n<p class=\"has-medium-font-size\">En dicho domicilio se esperaba la detenci\u00f3n de un c\u00f3mplice de Miguel &#8216;N&#8217;, quien, se presume, particip\u00f3 al proporcionar el veh\u00edculo blanco en el cual se deshicieron del cuerpo de la modelo veracruzana. <\/p>\n\n\n\n<p class=\"has-medium-font-size\">Seg\u00fan las indagatorias, el cuerpo de la joven fue hallado por trabajadores de una zona ejidal que mitigaban un incendio a un costado de la carretera Picacho-Ajusco, a la altura del kil\u00f3metro 32, correspondiente al pueblo de Santo Tom\u00e1s Ajusco. <\/p>\n\n\n\n<p class=\"has-medium-font-size\">El cuerpo estaba envuelto en s\u00e1banas y con golpes. <\/p>\n\n\n\n<p class=\"has-medium-font-size\">De acuerdo con vecinos en la zona, con anterioridad se hab\u00eda realizado un cateo en el predio de avenida Del Taller por el delito de narcomenudeo, el cual concluy\u00f3 sin \u00e9xito al no encontrar nadie.<\/p>\n","protected":false},"excerpt":{"rendered":"<p>El supuesto c\u00f3mplice de Miguel &#8216;N&#8217; habr\u00eda participado al proporcionar el veh\u00edculo blanco en el&#8230;<\/p>\n","protected":false},"author":4,"featured_media":42889,"comment_status":"closed","ping_status":"closed","sticky":false,"template":"","format":"standard","meta":{"footnotes":""},"categories":[2],"tags":[],"class_list":["post-42886","post","type-post","status-publish","format-standard","has-post-thumbnail","hentry","category-policiaca"],"_links":{"self":[{"href":"https:\/\/bambapolitica.com.mx\/index.php\/wp-json\/wp\/v2\/posts\/42886","targetHints":{"allow":["GET"]}}],"collection":[{"href":"https:\/\/bambapolitica.com.mx\/index.php\/wp-json\/wp\/v2\/posts"}],"about":[{"href":"https:\/\/bambapolitica.com.mx\/index.php\/wp-json\/wp\/v2\/types\/post"}],"author":[{"embeddable":true,"href":"https:\/\/bambapolitica.com.mx\/index.php\/wp-json\/wp\/v2\/users\/4"}],"replies":[{"embeddable":true,"href":"https:\/\/bambapolitica.com.mx\/index.php\/wp-json\/wp\/v2\/comments?post=42886"}],"version-history":[{"count":1,"href":"https:\/\/bambapolitica.com.mx\/index.php\/wp-json\/wp\/v2\/posts\/42886\/revisions"}],"predecessor-version":[{"id":42890,"href":"https:\/\/bambapolitica.com.mx\/index.php\/wp-json\/wp\/v2\/posts\/42886\/revisions\/42890"}],"wp:featuredmedia":[{"embeddable":true,"href":"https:\/\/bambapolitica.com.mx\/index.php\/wp-json\/wp\/v2\/media\/42889"}],"wp:attachment":[{"href":"https:\/\/bambapolitica.com.mx\/index.php\/wp-json\/wp\/v2\/media?parent=42886"}],"wp:term":[{"taxonomy":"category","embeddable":true,"href":"https:\/\/bambapolitica.com.mx\/index.php\/wp-json\/wp\/v2\/categories?post=42886"},{"taxonomy":"post_tag","embeddable":true,"href":"https:\/\/bambapolitica.com.mx\/index.php\/wp-json\/wp\/v2\/tags?post=42886"}],"curies":[{"name":"wp","href":"https:\/\/api.w.org\/{rel}","templated":true}]}}