{"id":42887,"date":"2022-03-04T07:47:15","date_gmt":"2022-03-04T13:47:15","guid":{"rendered":"http:\/\/bambapolitica.com.mx\/?p=42887"},"modified":"2022-03-04T07:47:20","modified_gmt":"2022-03-04T13:47:20","slug":"suspenden-audiencia-del-ex-lider-del-pri-cuauhtemoc-n","status":"publish","type":"post","link":"https:\/\/bambapolitica.com.mx\/index.php\/2022\/03\/04\/suspenden-audiencia-del-ex-lider-del-pri-cuauhtemoc-n\/","title":{"rendered":"Suspenden audiencia del ex l\u00edder del PRI, Cuauht\u00e9moc \u201cN\u201d"},"content":{"rendered":"\n<p class=\"has-medium-font-size\">El motivo del aplazamiento, un testigo de su defensa no se present\u00f3 por motivos de salud; enfrenta cargos por trata de personas y asociaci\u00f3n delictuosa<\/p>\n\n\n\n<p class=\"has-medium-font-size\">ue suspendida la primera audiencia del juicio del ex l\u00edder del PRI Cuauht\u00e9moc \u201cN\u201d, en el que la Fiscal\u00eda General de Justicia de la Ciudad de M\u00e9xico buscar\u00eda imputarle los delitos de trata de personas en su modalidad de explotaci\u00f3n sexual en grado de tentativa, publicidad enga\u00f1osa y asociaci\u00f3n delictuosa.<\/p>\n\n\n\n<p class=\"has-medium-font-size\">El motivo fue porque no se present\u00f3 un testigo de la defensa del acusado al acto judicial que fue agendado para este jueves en las salas de oralidad del Reclusorio Oriente. Ante la inasistencia del testigo, quien aleg\u00f3 problemas de salud, el juez determin\u00f3 la suspensi\u00f3n de la audiencia que dar\u00eda inicio a las 10 de la ma\u00f1ana de ayer jueves.<\/p>\n\n\n\n<p class=\"has-medium-font-size\">Sin embargo, como el ex l\u00edder de recolectores de basura, es procesado bajo el sistema tradicional, el calendario de audiencias continuar\u00e1 su curso como ya estaba previsto, seg\u00fan declar\u00f3 H\u00e9ctor P\u00e9rez, abogado de las v\u00edctimas.<\/p>\n\n\n\n<p class=\"has-medium-font-size\">El juicio en contra de Cuauht\u00e9moc &#8220;N&#8221; se desarrollar\u00e1 a lo largo de 10 audiencias, mismas que se llevaron a cabo un par por semana hasta que se terminen de desahogar las pruebas que ser\u00e1n presentadas por las partes.<\/p>\n\n\n\n<p class=\"has-medium-font-size\">Cuauht\u00e9moc \u201cN\u201d pretende encarar a las mujeres que denunciaron al expresidente del PRI en la ciudad, se caree con dos de las ex asistentes del exl\u00edder de recolectores de basura.<\/p>\n\n\n\n<p class=\"has-medium-font-size\">El ex priista actualmente est\u00e1 preso en el Centro Federal de Readaptaci\u00f3n Social n\u00famero 1, El Altiplano, en el Estado de M\u00e9xico, tras ser trasladado del Reclusorio Oriente el 24 de enero pasado. Veinte d\u00edas antes, el juez D\u00e9cimo S\u00e9ptimo Penal, le dict\u00f3 auto de formal prisi\u00f3n, luego de que fuera detenido en diciembre del 2021.<\/p>\n","protected":false},"excerpt":{"rendered":"<p>El motivo del aplazamiento, un testigo de su defensa no se present\u00f3 por motivos de&#8230;<\/p>\n","protected":false},"author":4,"featured_media":42891,"comment_status":"closed","ping_status":"closed","sticky":false,"template":"","format":"standard","meta":{"footnotes":""},"categories":[2],"tags":[],"class_list":["post-42887","post","type-post","status-publish","format-standard","has-post-thumbnail","hentry","category-policiaca"],"_links":{"self":[{"href":"https:\/\/bambapolitica.com.mx\/index.php\/wp-json\/wp\/v2\/posts\/42887","targetHints":{"allow":["GET"]}}],"collection":[{"href":"https:\/\/bambapolitica.com.mx\/index.php\/wp-json\/wp\/v2\/posts"}],"about":[{"href":"https:\/\/bambapolitica.com.mx\/index.php\/wp-json\/wp\/v2\/types\/post"}],"author":[{"embeddable":true,"href":"https:\/\/bambapolitica.com.mx\/index.php\/wp-json\/wp\/v2\/users\/4"}],"replies":[{"embeddable":true,"href":"https:\/\/bambapolitica.com.mx\/index.php\/wp-json\/wp\/v2\/comments?post=42887"}],"version-history":[{"count":1,"href":"https:\/\/bambapolitica.com.mx\/index.php\/wp-json\/wp\/v2\/posts\/42887\/revisions"}],"predecessor-version":[{"id":42892,"href":"https:\/\/bambapolitica.com.mx\/index.php\/wp-json\/wp\/v2\/posts\/42887\/revisions\/42892"}],"wp:featuredmedia":[{"embeddable":true,"href":"https:\/\/bambapolitica.com.mx\/index.php\/wp-json\/wp\/v2\/media\/42891"}],"wp:attachment":[{"href":"https:\/\/bambapolitica.com.mx\/index.php\/wp-json\/wp\/v2\/media?parent=42887"}],"wp:term":[{"taxonomy":"category","embeddable":true,"href":"https:\/\/bambapolitica.com.mx\/index.php\/wp-json\/wp\/v2\/categories?post=42887"},{"taxonomy":"post_tag","embeddable":true,"href":"https:\/\/bambapolitica.com.mx\/index.php\/wp-json\/wp\/v2\/tags?post=42887"}],"curies":[{"name":"wp","href":"https:\/\/api.w.org\/{rel}","templated":true}]}}