{"id":42888,"date":"2022-03-04T07:49:20","date_gmt":"2022-03-04T13:49:20","guid":{"rendered":"http:\/\/bambapolitica.com.mx\/?p=42888"},"modified":"2022-03-04T07:49:22","modified_gmt":"2022-03-04T13:49:22","slug":"que-sucedera-despues-de-que-los-rusos-tomen-kiev","status":"publish","type":"post","link":"https:\/\/bambapolitica.com.mx\/index.php\/2022\/03\/04\/que-sucedera-despues-de-que-los-rusos-tomen-kiev\/","title":{"rendered":"\u00bfQu\u00e9 suceder\u00e1 despu\u00e9s de que los rusos tomen Kiev?"},"content":{"rendered":"\n<p class=\"has-medium-font-size\">Eso no significar\u00e1 el fin de la guerra, pues existe la posibilidad de que el ej\u00e9rcito nacional o incluso grupos civiles, organicen la resistencia por un largo tiempo.<\/p>\n\n\n\n<p class=\"has-medium-font-size\">Como muchas personas en el mundo, seguramente usted que me lee, yo quisiera que Ucrania tuviera la capacidad para resistir y revertir la agresi\u00f3n de que fue objeto por parte de Rusia.<\/p>\n\n\n\n<p class=\"has-medium-font-size\">Sin embargo, objetivamente, creo que no cabe la menor duda de que las principales ciudades ucranianas, incluyendo la capital, Kiev, caer\u00e1n bajo control de los rusos en el curso de d\u00edas o semanas.<\/p>\n\n\n\n<p class=\"has-medium-font-size\">Eso no significar\u00e1 el fin de la guerra, pues existe la posibilidad de que el ej\u00e9rcito nacional o incluso grupos civiles, organicen la resistencia por un largo tiempo.<\/p>\n\n\n\n<p class=\"has-medium-font-size\">Pero, lo m\u00e1s probable es que el aparato de gobierno de Ucrania quede bajo control de los rusos a la vuelta de no mucho tiempo.<\/p>\n\n\n\n<p class=\"has-medium-font-size\">Esto no ser\u00e1 el fin sino apenas el comienzo del problema para Rusia\u2026 y para el mundo.<\/p>\n\n\n\n<p class=\"has-medium-font-size\">El control territorial ruso no significar\u00e1 el fin de las sanciones ni la normalizaci\u00f3n de las relaciones internacionales. Quiz\u00e1s incluso escalen.<\/p>\n\n\n\n<p class=\"has-medium-font-size\">\u00bfQu\u00e9 es lo que va a ocurrir tras la ca\u00edda de Kiev?<\/p>\n\n\n\n<p class=\"has-medium-font-size\">Ian Bremmer, quien dirige la consultora Eurasia, ha explorado diferentes escenarios y considera que puede haber cuatro \u00f3rdenes de consecuencias. Ninguna alentadora.<\/p>\n\n\n\n<p class=\"has-medium-font-size\">Se las resumo.<\/p>\n\n\n\n<p class=\"has-medium-font-size\">1- Una ca\u00edda econ\u00f3mica global.<\/p>\n\n\n\n<p class=\"has-medium-font-size\">Las sanciones aplicadas a Rusia podr\u00edan producir este a\u00f1o una ca\u00edda de al menos el 3 al 5 por ciento en el Producto Interno Bruto de Rusia; sin embargo, no es imposible que sea mayor por los problemas derivados del abasto de energ\u00e9ticos, de los trastornos en las cadenas log\u00edsticas y de la fuerte migraci\u00f3n forzada.<\/p>\n\n\n\n<p class=\"has-medium-font-size\">2- El \u2018desacoplamiento\u2019 de China.<\/p>\n\n\n\n<p class=\"has-medium-font-size\">Aunque el gobierno chino no ha respaldado la decisi\u00f3n rusa de invadir Ucrania y visiblemente est\u00e1 inc\u00f3modo con ese hecho, tambi\u00e9n se ha cuidado de ponerse en el lado contrario a la invasi\u00f3n.<\/p>\n\n\n\n<p class=\"has-medium-font-size\">Es probable que ante las sanciones econ\u00f3micas, Rusia dependa de manera creciente de China, por ejemplo en la venta de energ\u00e9ticos, para lo cual China deber\u00e1 desarrollar su infraestructura.<\/p>\n\n\n\n<p class=\"has-medium-font-size\">Es factible que al paso de los meses tengamos una relaci\u00f3n m\u00e1s estrecha entre China y Rusia que pueda definir los alineamientos de largo plazo en el mundo.<\/p>\n\n\n\n<p class=\"has-medium-font-size\">3- Los oportunistas.<\/p>\n\n\n\n<p class=\"has-medium-font-size\">Aunque el conflicto est\u00e1 centrado en Ucrania, es probable que pueda tener efectos colaterales por ejemplo entre los serbios y bosnios. Igualmente, no descarte que pueda haber percepci\u00f3n de que Corea del Norte pueda tener una reacci\u00f3n m\u00e1s agresiva en vista de la nueva circunstancia geoestrat\u00e9gica, con Estados Unidos ocup\u00e1ndose de otros frentes. <\/p>\n\n\n\n<p class=\"has-medium-font-size\">Los ciberataques realizados por grupos criminales o incluso por grupos promovidos por algunos gobiernos pueden incrementarse por la misma raz\u00f3n y en el caso de China, no es imposible que tras la decisi\u00f3n rusa, en algunos c\u00edrculos del liderazgo chino pueda empezar a valorarse la posibilidad de tomar el control de Taiw\u00e1n.<\/p>\n\n\n\n<p class=\"has-medium-font-size\">4-El regreso a 1962.<\/p>\n\n\n\n<p class=\"has-medium-font-size\">Ese fue el a\u00f1o en el cual se produjo la crisis de los misiles en Cuba. Una nueva guerra fr\u00eda podr\u00eda volver a generar riesgos de confrontaci\u00f3n entre las potencias nucleares y, aunque es el escenario menos probable, no puede descartarse como un factor de riesgo que estar\u00e1 presente.<\/p>\n\n\n\n<p class=\"has-medium-font-size\">Hasta aqu\u00ed los escenarios y consecuencias planteadas por Bremmer.<\/p>\n\n\n\n<p class=\"has-medium-font-size\">En mi opini\u00f3n, nos cuesta trabajo a veces entender la magnitud del cambio.<\/p>\n\n\n\n<p class=\"has-medium-font-size\">Todav\u00eda pensamos que las cosas pueden seguir funcionando como antes del 24 de febrero.<\/p>\n\n\n\n<p class=\"has-medium-font-size\">Sin embargo, poco a poco, nos iremos dando cuenta que el cambio que se ha presentado en el mundo puede dar lugar a un vuelco de las relaciones internacionales, como no lo hab\u00edamos visto desde el derrumbe del bloque sovi\u00e9tico al final de los 80 y principios de los 90.<\/p>\n\n\n\n<p class=\"has-medium-font-size\">Ojal\u00e1 nos demos cuenta de la trascendencia del cambio y sepamos c\u00f3mo enfrentarnos a \u00e9l.<\/p>\n","protected":false},"excerpt":{"rendered":"<p>Eso no significar\u00e1 el fin de la guerra, pues existe la posibilidad de que el&#8230;<\/p>\n","protected":false},"author":4,"featured_media":42893,"comment_status":"closed","ping_status":"closed","sticky":false,"template":"","format":"standard","meta":{"footnotes":""},"categories":[15],"tags":[],"class_list":["post-42888","post","type-post","status-publish","format-standard","has-post-thumbnail","hentry","category-opinion"],"_links":{"self":[{"href":"https:\/\/bambapolitica.com.mx\/index.php\/wp-json\/wp\/v2\/posts\/42888","targetHints":{"allow":["GET"]}}],"collection":[{"href":"https:\/\/bambapolitica.com.mx\/index.php\/wp-json\/wp\/v2\/posts"}],"about":[{"href":"https:\/\/bambapolitica.com.mx\/index.php\/wp-json\/wp\/v2\/types\/post"}],"author":[{"embeddable":true,"href":"https:\/\/bambapolitica.com.mx\/index.php\/wp-json\/wp\/v2\/users\/4"}],"replies":[{"embeddable":true,"href":"https:\/\/bambapolitica.com.mx\/index.php\/wp-json\/wp\/v2\/comments?post=42888"}],"version-history":[{"count":1,"href":"https:\/\/bambapolitica.com.mx\/index.php\/wp-json\/wp\/v2\/posts\/42888\/revisions"}],"predecessor-version":[{"id":42894,"href":"https:\/\/bambapolitica.com.mx\/index.php\/wp-json\/wp\/v2\/posts\/42888\/revisions\/42894"}],"wp:featuredmedia":[{"embeddable":true,"href":"https:\/\/bambapolitica.com.mx\/index.php\/wp-json\/wp\/v2\/media\/42893"}],"wp:attachment":[{"href":"https:\/\/bambapolitica.com.mx\/index.php\/wp-json\/wp\/v2\/media?parent=42888"}],"wp:term":[{"taxonomy":"category","embeddable":true,"href":"https:\/\/bambapolitica.com.mx\/index.php\/wp-json\/wp\/v2\/categories?post=42888"},{"taxonomy":"post_tag","embeddable":true,"href":"https:\/\/bambapolitica.com.mx\/index.php\/wp-json\/wp\/v2\/tags?post=42888"}],"curies":[{"name":"wp","href":"https:\/\/api.w.org\/{rel}","templated":true}]}}