{"id":43532,"date":"2022-03-17T13:10:29","date_gmt":"2022-03-17T19:10:29","guid":{"rendered":"http:\/\/bambapolitica.com.mx\/?p=43532"},"modified":"2022-03-17T13:10:36","modified_gmt":"2022-03-17T19:10:36","slug":"quien-es-sandra-cuevas-en-realidad","status":"publish","type":"post","link":"https:\/\/bambapolitica.com.mx\/index.php\/2022\/03\/17\/quien-es-sandra-cuevas-en-realidad\/","title":{"rendered":"\u00bfQui\u00e9n es Sandra Cuevas en realidad?"},"content":{"rendered":"\n<p class=\"has-medium-font-size\">La opini\u00f3n de Claudia Santillana: lo que le est\u00e1n haciendo a Sandra Cuevas nos lo est\u00e1n haciendo a todas las mujeres.<\/p>\n\n\n\n<p class=\"has-medium-font-size\">Les platico: hace unos 7 a\u00f1os conoc\u00ed a Sandra Cuevas. Reci\u00e9n me hab\u00eda convertido en tuitera de hueso colorado y una muy querida usuaria de Twitter organiz\u00f3 un desayuno en su casa. En realidad no nos conoc\u00edamos en persona y se trataba de vernos las caras y escuchar nuestras voces. En aquel entonces gobernaba a\u00fan Enrique Pe\u00f1a Nieto.<\/p>\n\n\n\n<p class=\"has-medium-font-size\">Est\u00e1bamos ah\u00ed varias mujeres, una periodista que admiro mucho por su labor humanitaria que se llama Yohali Res\u00e9ndiz, y Sandra Cuevas.<\/p>\n\n\n\n<p class=\"has-medium-font-size\">Ese d\u00eda en aquel desayuno que organiz\u00f3 nuestra anfitriona la verdad lo gozamos mucho. Al final todas \u00e9ramos tuiteras y ten\u00edamos un objetivo en com\u00fan: ayudar de la manera que se pudiera a los dem\u00e1s. Cada quien desde donde pod\u00eda y con lo que pod\u00eda. Yo les compart\u00ed que mi intenci\u00f3n era brindar apoyo psicol\u00f3gico gratuito a mujeres diagnosticadas con c\u00e1ncer, porque yo era sobreviviente de c\u00e1ncer y en aquel entonces mi hermana ya hab\u00eda entrado a una etapa terminal por un c\u00e1ncer que tuvo tambi\u00e9n.<\/p>\n\n\n\n<p class=\"has-medium-font-size\">Sandra Cuevas nos comparti\u00f3 que ten\u00eda una fundaci\u00f3n que tambi\u00e9n intentaba brindar la ayuda posible a ni\u00f1os con c\u00e1ncer (en aquel entonces el desabasto no era tan brutal como lo es ahora, pero claro que hab\u00edan necesidades) y realmente estaba muy comprometida con la causa porque, desgraciadamente su hermana menor, de apenas 14 a\u00f1os, estaba librando una dura batalla contra el c\u00e1ncer. As\u00ed que en ese punto nos sentimos muy identificadas.<\/p>\n\n\n\n<p class=\"has-medium-font-size\">Tiempo despu\u00e9s Sandra me invit\u00f3 a participar como voluntaria de su Fundaci\u00f3n apoyando en distintos eventos y dando atenci\u00f3n psicol\u00f3gica a ni\u00f1os de escasos recursos, ante lo cual felizmente acced\u00ed. Me aclar\u00f3 que no habr\u00eda paga alguna porque todo lo que ah\u00ed se recaudaba era para los y las ni\u00f1as y le dije que sin duda, estaba dispuesta.<\/p>\n\n\n\n<p class=\"has-medium-font-size\">Siempre me ha hecho feliz ayudar.<\/p>\n\n\n\n<p class=\"has-medium-font-size\">En ese proceso es que conoc\u00ed a su peque\u00f1a hermana, y ella y yo conectamos de inmediato. Ella estaba pasando por lo que yo hab\u00eda pasado y por lo que mi hermana estaba pasando, as\u00ed que fue un especie de conexi\u00f3n inmediata entre ambas. Sandra amaba a su hermana y su hermana la adoraba y la admiraba much\u00edsimo.<\/p>\n\n\n\n<p class=\"has-medium-font-size\">Sandra Cuevas logr\u00f3 ayudar a cientos de ni\u00f1os sin gritarlo a los cuatro vientos. A veces les consegu\u00eda ropa, juguetes y ve\u00eda la manera de apoyar a las familias. Organizaba subastas en el Club de Banqueros para que todo lo que ah\u00ed se recaudara se fuera directo al hospital infantil privado, que era donde su hermana tambi\u00e9n se atend\u00eda, Me toc\u00f3 verla muchas veces ella misma armando los paquetes para entregarle a los ni\u00f1os y asist\u00ed a una funci\u00f3n de lucha libre que organiz\u00f3 para ni\u00f1os de escasos recursos. Su hermana estaba ah\u00ed y y la recuerdo brillando como un sol.<\/p>\n\n\n\n<p class=\"has-medium-font-size\">Poco tiempo despu\u00e9s me dijo tristemente que el final estaba cerca de su hermana y tristemente el final de la m\u00eda tambi\u00e9n estaba cerca , as\u00ed que pr\u00e1cticamente partieron al mismo tiempo de este plano terrenal. As\u00ed que ambas, Sandra y yo sab\u00edamos el hueco que se sent\u00eda por no tenerlas en nuestras vidas, pero fuimos convirtiendo sus ausencias en nuestros motores para seguir adelante.<\/p>\n\n\n\n<p class=\"has-medium-font-size\">Pasado el tiempo me marc\u00f3 para platicarme que era posible que fuera candidata para Alcaldesa de la Cuauht\u00e9moc, pero pr\u00e1cticamente sent\u00eda que todo ser\u00eda en vano. Pensaba que Dolores Padierna era imparable y que contaba con toda la maquinaria para pasar por encima de ella. Pero Sandra no se rindi\u00f3, ella crey\u00f3 en ella misma y la gente tambi\u00e9n.<\/p>\n\n\n\n<p class=\"has-medium-font-size\">Y gan\u00f3. Gan\u00f3 a pesar de la gente que siempre ha encontrado la manera de golpearla, agredirla, hablar de su cuerpo o de sus acciones, para hacer feliz a otros. Gan\u00f3 a pesar de que Dolores Padierna no pod\u00eda con la rabia y el coraje por no haberse quedado con tan preciado basti\u00f3n como es la Cuauht\u00e9moc. Y que peor a\u00fan: que le ganara una mujer que no era tan conocida. <\/p>\n\n\n\n<p class=\"has-medium-font-size\">Gan\u00f3 a pesar de que un tiempo Sandra tuvo cercan\u00eda con Morena pero despu\u00e9s se dio cuenta de quienes eran en realidad y se sali\u00f3 de ah\u00ed, lo cual es valid\u00edsimo y en estos tiempos cero condenable, porque todos tienen todo el apoyo de salirse de Morena porque sabemos que ah\u00ed las cosas no marchan bien y es mejor tener la honestidad de salirse de ah\u00ed.<\/p>\n\n\n\n<p class=\"has-medium-font-size\">Gan\u00f3 sin trampas y a la buena y porque la gente busca y espera un cambio.<\/p>\n\n\n\n<p class=\"has-medium-font-size\">Sandra Cuevas tiene su sello particular en su forma de ser, no se calla, y no se deja amedrentar. Lo que hoy le hace la fiscal\u00eda es el claro ejemplo de que presas pol\u00edticas en M\u00e9xico. \u00bfO c\u00f3mo llamar a lo que le han hecho?<\/p>\n\n\n\n<p class=\"has-medium-font-size\">La tienen acorralada, pr\u00e1cticamente castigada y adem\u00e1s sin posibilidad de salir de M\u00e9xico como si hubiera cometido un crimen. Qu\u00e9 curioso que no acechan de esa manera a los que s\u00ed son absolutamente malhechores comprobados, no persiguen a los que cuentan con pruebas para demostrar su culpabilidad. A esos nadie los toca. Est\u00e1n intactos y libres.<\/p>\n\n\n\n<p class=\"has-medium-font-size\">Lo que le est\u00e1n haciendo a Sandra nos lo est\u00e1n haciendo a todas las mujeres.<\/p>\n\n\n\n<p class=\"has-medium-font-size\">Una mujer usando todo su poder para borrar del mapa a otra.<\/p>\n\n\n\n<p class=\"has-medium-font-size\">Lo que aqu\u00ed les cuento es la experiencia vivida que he pasado a lo largo de estos a\u00f1os con Sandra Cuevas. Por eso cuando supe que ser\u00eda candidata para ser la alcaldesa de la Cuauht\u00e9moc, no pude estar m\u00e1s convencida en apoyarla. Porque sab\u00eda que los habitantes de esa alcald\u00eda tendr\u00edan en ella a una mujer no solamente preparada sino muy humana.<\/p>\n\n\n\n<p class=\"has-medium-font-size\">Yo pedir\u00eda que si va a acusar se tengan pruebas; en este caso no parecen s\u00f3lidas.<\/p>\n\n\n\n<p class=\"has-medium-font-size\">La izquierda no ha hecho reparo alguno en integrar a las que no son de Morena y dividir y hacer a un lado a las que no son de Morena. La 4T divide a unas de otras y eso es grav\u00edsimo. Quiere decir que en la 4T no se sabe lo que es la sororidad, la uni\u00f3n entre las mujeres y la no divisi\u00f3n de poderes. <\/p>\n\n\n\n<p class=\"has-medium-font-size\">En nada beneficia a las mujeres de Morena, como Claudia Sheinbaum y Tatiana Clouthier, que se ataque de esa manera a la alcaldesa Sandra Cuevas. Pedimos como mujeres que somos que por favor dejen de dividirnos. Que dejen de tomar partido, literal, por unas y otras y ayude a gobernar a las que no son de Morena. As\u00ed, con tanta divisi\u00f3n, la 4T no tendr\u00e1 futuro en 2024.<\/p>\n\n\n\n<p class=\"has-medium-font-size\">Habiendo tanto delincuente confes\u00f3 dentro del gobierno que no ha sido tocado ni con el p\u00e9talo de una rosa, hacer esto es totalmente incongruente. Todas necesitamos de todas.<\/p>\n\n\n\n<p>sdpnoticias<\/p>\n","protected":false},"excerpt":{"rendered":"<p>La opini\u00f3n de Claudia Santillana: lo que le est\u00e1n haciendo a Sandra Cuevas nos lo&#8230;<\/p>\n","protected":false},"author":4,"featured_media":43553,"comment_status":"closed","ping_status":"closed","sticky":false,"template":"","format":"standard","meta":{"footnotes":""},"categories":[4],"tags":[],"class_list":["post-43532","post","type-post","status-publish","format-standard","has-post-thumbnail","hentry","category-noticias-del-dia"],"_links":{"self":[{"href":"https:\/\/bambapolitica.com.mx\/index.php\/wp-json\/wp\/v2\/posts\/43532","targetHints":{"allow":["GET"]}}],"collection":[{"href":"https:\/\/bambapolitica.com.mx\/index.php\/wp-json\/wp\/v2\/posts"}],"about":[{"href":"https:\/\/bambapolitica.com.mx\/index.php\/wp-json\/wp\/v2\/types\/post"}],"author":[{"embeddable":true,"href":"https:\/\/bambapolitica.com.mx\/index.php\/wp-json\/wp\/v2\/users\/4"}],"replies":[{"embeddable":true,"href":"https:\/\/bambapolitica.com.mx\/index.php\/wp-json\/wp\/v2\/comments?post=43532"}],"version-history":[{"count":1,"href":"https:\/\/bambapolitica.com.mx\/index.php\/wp-json\/wp\/v2\/posts\/43532\/revisions"}],"predecessor-version":[{"id":43554,"href":"https:\/\/bambapolitica.com.mx\/index.php\/wp-json\/wp\/v2\/posts\/43532\/revisions\/43554"}],"wp:featuredmedia":[{"embeddable":true,"href":"https:\/\/bambapolitica.com.mx\/index.php\/wp-json\/wp\/v2\/media\/43553"}],"wp:attachment":[{"href":"https:\/\/bambapolitica.com.mx\/index.php\/wp-json\/wp\/v2\/media?parent=43532"}],"wp:term":[{"taxonomy":"category","embeddable":true,"href":"https:\/\/bambapolitica.com.mx\/index.php\/wp-json\/wp\/v2\/categories?post=43532"},{"taxonomy":"post_tag","embeddable":true,"href":"https:\/\/bambapolitica.com.mx\/index.php\/wp-json\/wp\/v2\/tags?post=43532"}],"curies":[{"name":"wp","href":"https:\/\/api.w.org\/{rel}","templated":true}]}}