{"id":43534,"date":"2022-03-17T13:14:30","date_gmt":"2022-03-17T19:14:30","guid":{"rendered":"http:\/\/bambapolitica.com.mx\/?p=43534"},"modified":"2022-03-17T13:14:34","modified_gmt":"2022-03-17T19:14:34","slug":"comerciantes-protestan-en-defensa-de-sus-fuentes-de-ingreso-en-ecatepec","status":"publish","type":"post","link":"https:\/\/bambapolitica.com.mx\/index.php\/2022\/03\/17\/comerciantes-protestan-en-defensa-de-sus-fuentes-de-ingreso-en-ecatepec\/","title":{"rendered":"Comerciantes protestan en defensa de sus fuentes de ingreso en Ecatepec"},"content":{"rendered":"\n<p class=\"has-medium-font-size\">Al lugar arribaron servidores p\u00fablicos para tratar de dialogar con los vecinos<\/p>\n\n\n\n<p class=\"has-medium-font-size\">Un grupo de comerciantes protestan en Ecatepec, hasta ahora han bloqueado la avenida Adolfo L\u00f3pez Mateos (R-1), para exigir al gobierno municipal que respete sus fuentes de empleo.<\/p>\n\n\n\n<p class=\"has-medium-font-size\">Los inconformes de la colonia San Agust\u00edn se\u00f1alaron que las autoridades pretenden retirarlos de la v\u00eda p\u00fablica, con el argumento de un programa de reordenamiento, pese a que han laborado ah\u00ed por m\u00e1s de 40 a\u00f1os.<\/p>\n\n\n\n<figure class=\"wp-block-embed-twitter wp-block-embed is-type-rich is-provider-twitter\"><div class=\"wp-block-embed__wrapper\">\n<blockquote class=\"twitter-tweet\" data-width=\"550\" data-dnt=\"true\"><p lang=\"es\" dir=\"ltr\">Comerciantes protestan en defensa de sus fuentes de ingreso, en <a href=\"https:\/\/twitter.com\/Ecatepec?ref_src=twsrc%5Etfw\">@Ecatepec<\/a><br><br>Un grupo de comerciantes bloque\u00f3 la avenida Adolfo L\u00f3pez Mateos (R-1), en <a href=\"https:\/\/twitter.com\/hashtag\/Ecatepec?src=hash&amp;ref_src=twsrc%5Etfw\">#Ecatepec<\/a>, para exigir al gobierno municipal que respete sus fuentes de empleo.<br><br>\ud83d\udcf8 Redes sociales <a href=\"https:\/\/t.co\/tuSAf8Hy51\">pic.twitter.com\/tuSAf8Hy51<\/a><\/p>&mdash; La Jornada Estado de M\u00e9xico (@JornadaEdomex) <a href=\"https:\/\/twitter.com\/JornadaEdomex\/status\/1504513731446910976?ref_src=twsrc%5Etfw\">March 17, 2022<\/a><\/blockquote><script async src=\"https:\/\/platform.twitter.com\/widgets.js\" charset=\"utf-8\"><\/script>\n<\/div><\/figure>\n\n\n\n<p class=\"has-medium-font-size\">Piden respeto a sus fuentes de trabajo<\/p>\n\n\n\n<p class=\"has-medium-font-size\">Con cartulinas se apostaron en dicha avenida, cerca del cruce con la avenida Gobernadora, donde exhibieron su demanda.<\/p>\n\n\n\n<div class=\"wp-block-image\"><figure class=\"aligncenter size-large\"><img loading=\"lazy\" decoding=\"async\" width=\"1024\" height=\"484\" src=\"https:\/\/bambapolitica.com.mx\/wp-content\/uploads\/2022\/03\/Comerciantes-protestan-en-Ecatepec1-1140x539-2-1024x484.jpeg\" alt=\"\" class=\"wp-image-43559\" srcset=\"https:\/\/bambapolitica.com.mx\/wp-content\/uploads\/2022\/03\/Comerciantes-protestan-en-Ecatepec1-1140x539-2-1024x484.jpeg 1024w, https:\/\/bambapolitica.com.mx\/wp-content\/uploads\/2022\/03\/Comerciantes-protestan-en-Ecatepec1-1140x539-2-300x142.jpeg 300w, https:\/\/bambapolitica.com.mx\/wp-content\/uploads\/2022\/03\/Comerciantes-protestan-en-Ecatepec1-1140x539-2-768x363.jpeg 768w, https:\/\/bambapolitica.com.mx\/wp-content\/uploads\/2022\/03\/Comerciantes-protestan-en-Ecatepec1-1140x539-2-260x123.jpeg 260w, https:\/\/bambapolitica.com.mx\/wp-content\/uploads\/2022\/03\/Comerciantes-protestan-en-Ecatepec1-1140x539-2-50x24.jpeg 50w, https:\/\/bambapolitica.com.mx\/wp-content\/uploads\/2022\/03\/Comerciantes-protestan-en-Ecatepec1-1140x539-2-150x71.jpeg 150w, https:\/\/bambapolitica.com.mx\/wp-content\/uploads\/2022\/03\/Comerciantes-protestan-en-Ecatepec1-1140x539-2.jpeg 1140w\" sizes=\"auto, (max-width: 1024px) 100vw, 1024px\" \/><\/figure><\/div>\n\n\n\n<p class=\"has-medium-font-size\">\u201cApoyo a personas trabajadoras que llevamos sustento a nuestra casa\u201d, \u201cSe\u00f1or presidente d\u00e9jenos trabajar, es el sustento de nuestra familia\u201d.<\/p>\n\n\n\n<p class=\"has-medium-font-size\">Fueron algunas de las leyendas que portaron los inconformes.<\/p>\n\n\n\n<p class=\"has-medium-font-size\">Comerciantes protestan en Ecatepec<\/p>\n\n\n\n<p class=\"has-medium-font-size\">Al lugar arribaron servidores p\u00fablicos para tratar de dialogar con los vecinos.<\/p>\n\n\n\n<p class=\"has-medium-font-size\">Quienes advirtieron que no quitar\u00e1n el bloqueo hasta no tener una respuesta positiva de parte del alcalde Fernando Vilchis.<\/p>\n\n\n\n<p>estadodemexico.jornada<\/p>\n","protected":false},"excerpt":{"rendered":"<p>Al lugar arribaron servidores p\u00fablicos para tratar de dialogar con los vecinos Un grupo de&#8230;<\/p>\n","protected":false},"author":4,"featured_media":43557,"comment_status":"closed","ping_status":"closed","sticky":false,"template":"","format":"standard","meta":{"footnotes":""},"categories":[4],"tags":[],"class_list":["post-43534","post","type-post","status-publish","format-standard","has-post-thumbnail","hentry","category-noticias-del-dia"],"_links":{"self":[{"href":"https:\/\/bambapolitica.com.mx\/index.php\/wp-json\/wp\/v2\/posts\/43534","targetHints":{"allow":["GET"]}}],"collection":[{"href":"https:\/\/bambapolitica.com.mx\/index.php\/wp-json\/wp\/v2\/posts"}],"about":[{"href":"https:\/\/bambapolitica.com.mx\/index.php\/wp-json\/wp\/v2\/types\/post"}],"author":[{"embeddable":true,"href":"https:\/\/bambapolitica.com.mx\/index.php\/wp-json\/wp\/v2\/users\/4"}],"replies":[{"embeddable":true,"href":"https:\/\/bambapolitica.com.mx\/index.php\/wp-json\/wp\/v2\/comments?post=43534"}],"version-history":[{"count":1,"href":"https:\/\/bambapolitica.com.mx\/index.php\/wp-json\/wp\/v2\/posts\/43534\/revisions"}],"predecessor-version":[{"id":43560,"href":"https:\/\/bambapolitica.com.mx\/index.php\/wp-json\/wp\/v2\/posts\/43534\/revisions\/43560"}],"wp:featuredmedia":[{"embeddable":true,"href":"https:\/\/bambapolitica.com.mx\/index.php\/wp-json\/wp\/v2\/media\/43557"}],"wp:attachment":[{"href":"https:\/\/bambapolitica.com.mx\/index.php\/wp-json\/wp\/v2\/media?parent=43534"}],"wp:term":[{"taxonomy":"category","embeddable":true,"href":"https:\/\/bambapolitica.com.mx\/index.php\/wp-json\/wp\/v2\/categories?post=43534"},{"taxonomy":"post_tag","embeddable":true,"href":"https:\/\/bambapolitica.com.mx\/index.php\/wp-json\/wp\/v2\/tags?post=43534"}],"curies":[{"name":"wp","href":"https:\/\/api.w.org\/{rel}","templated":true}]}}