{"id":43536,"date":"2022-03-17T13:19:15","date_gmt":"2022-03-17T19:19:15","guid":{"rendered":"http:\/\/bambapolitica.com.mx\/?p=43536"},"modified":"2022-03-17T13:19:22","modified_gmt":"2022-03-17T19:19:22","slug":"tabasco-a-un-paso-de-dejar-el-uso-obligatorio-del-cubrebocas","status":"publish","type":"post","link":"https:\/\/bambapolitica.com.mx\/index.php\/2022\/03\/17\/tabasco-a-un-paso-de-dejar-el-uso-obligatorio-del-cubrebocas\/","title":{"rendered":"Tabasco a un paso de dejar el uso obligatorio del cubrebocas"},"content":{"rendered":"\n<p class=\"has-medium-font-size\">La entidad se unir\u00eda a los dem\u00e1s gobiernos federales que ya prescindieron del uso de la mascarilla en espacios p\u00fablicos<\/p>\n\n\n\n<p class=\"has-medium-font-size\">En breve en Tabasco podr\u00eda declararse oficial la suspensi\u00f3n del uso de cubrebocas en espacios p\u00fablicos como ha ocurrido en otros estados del pa\u00eds.<\/p>\n\n\n\n<p class=\"has-medium-font-size\">Esto lo se\u00f1al\u00f3 el gobernador del estado Carlos Manuel Merino Campos, quien asegur\u00f3 que por el momento la entidad se mantiene en el nivel m\u00e1s bajo de riesgo de pandemia a nivel nacional.<\/p>\n\n\n\n<p class=\"has-medium-font-size\">Entrevistado luego de tomar protesta a la dirigencia estatal de la C\u00e1mara Nacional de la Industria de Restaurantes y Alimentos Condimentados (CANIRAC), el ejecutivo estatal dijo que pronto anunciar\u00e1 la suspensi\u00f3n del uso obligatorio del cubrebocas en espacios abiertos en Tabasco.<\/p>\n\n\n\n<figure class=\"wp-block-embed-twitter wp-block-embed is-type-rich is-provider-twitter\"><div class=\"wp-block-embed__wrapper\">\n<blockquote class=\"twitter-tweet\" data-width=\"550\" data-dnt=\"true\"><p lang=\"es\" dir=\"ltr\"><a href=\"https:\/\/twitter.com\/hashtag\/AlMomento?src=hash&amp;ref_src=twsrc%5Etfw\">#AlMomento<\/a> | En cuenta regresiva, Tabasco quitar\u00eda el uso de cubrebocas en espacios p\u00fablicos <a href=\"https:\/\/t.co\/gPsmb333J8\">pic.twitter.com\/gPsmb333J8<\/a><\/p>&mdash; El Heraldo de Tabasco (@heraldodetab) <a href=\"https:\/\/twitter.com\/heraldodetab\/status\/1504508404265541632?ref_src=twsrc%5Etfw\">March 17, 2022<\/a><\/blockquote><script async src=\"https:\/\/platform.twitter.com\/widgets.js\" charset=\"utf-8\"><\/script>\n<\/div><\/figure>\n\n\n\n<p class=\"has-medium-font-size\">\u201cS\u00ed, pronto lo anunciaremos, pero tambi\u00e9n es una situaci\u00f3n de car\u00e1cter opcional, se recomienda que en lugares cerrados o con hacinamiento de personas se mantenga su uso\u201d, afirm\u00f3.<\/p>\n\n\n\n<p class=\"has-medium-font-size\">El gobernador coment\u00f3 que la puntuaci\u00f3n del sem\u00e1foro verde nacional va de cero a 9 puntos y Tabasco va en cero puntos en estos momentos, es decir, est\u00e1 en el nivel inferior.<\/p>\n\n\n\n<p class=\"has-medium-font-size\">Agreg\u00f3 que pese a ello se contin\u00faa vacunando a la poblaci\u00f3n y se va a seguir haciendo.<\/p>\n\n\n\n<div class=\"wp-block-image\"><figure class=\"aligncenter size-large\"><img loading=\"lazy\" decoding=\"async\" width=\"662\" height=\"1024\" src=\"https:\/\/bambapolitica.com.mx\/wp-content\/uploads\/2022\/03\/Grafico-covid-662x1024.jpeg\" alt=\"\" class=\"wp-image-43564\" srcset=\"https:\/\/bambapolitica.com.mx\/wp-content\/uploads\/2022\/03\/Grafico-covid-662x1024.jpeg 662w, https:\/\/bambapolitica.com.mx\/wp-content\/uploads\/2022\/03\/Grafico-covid-194x300.jpeg 194w, https:\/\/bambapolitica.com.mx\/wp-content\/uploads\/2022\/03\/Grafico-covid-94x146.jpeg 94w, https:\/\/bambapolitica.com.mx\/wp-content\/uploads\/2022\/03\/Grafico-covid-32x50.jpeg 32w, https:\/\/bambapolitica.com.mx\/wp-content\/uploads\/2022\/03\/Grafico-covid-49x75.jpeg 49w, https:\/\/bambapolitica.com.mx\/wp-content\/uploads\/2022\/03\/Grafico-covid.jpeg 720w\" sizes=\"auto, (max-width: 662px) 100vw, 662px\" \/><\/figure><\/div>\n\n\n\n<p class=\"has-medium-font-size\">Distribuidor Universidad va en tiempo: Manuel Merino<br>En otro tema, coment\u00f3 que la tercera etapa del distribuidor vial de Universidad estar\u00e1 en la fecha planteada, dado que los trabajos van en tiempo y forma.<\/p>\n\n\n\n<p class=\"has-medium-font-size\">Esto luego de que la administraci\u00f3n estatal hab\u00eda comprometido que a finales de marzo se entregar\u00eda.<\/p>\n\n\n\n<p class=\"has-medium-font-size\">Investigar\u00e1 caso en sector salud<\/p>\n\n\n\n<p class=\"has-medium-font-size\">Finalmente indic\u00f3 que se revisar\u00e1 el tema del presunto despido de trabajadores de Salud, que fueron contratados durante la pandemia.<\/p>\n\n\n\n<p class=\"has-medium-font-size\">No obstante, dej\u00f3 entrever que no ser\u00eda una pr\u00e1ctica abusiva si la contrataci\u00f3n fue de manera eventual para atender esta contingencia.<\/p>\n\n\n\n<p class=\"has-medium-font-size\">\u201cD\u00e9jenme checarlo, no ten\u00eda conocimiento pero lo checamos, porque si alguien fue contratado parala pandemia y la pandemia acaba, si yo fui contratado para un per\u00edodo, cuando termine mi periodo., pero hay que checarlo, lo vemos\u201d, coment\u00f3.<\/p>\n\n\n\n<p>elheraldodetabasco<\/p>\n","protected":false},"excerpt":{"rendered":"<p>La entidad se unir\u00eda a los dem\u00e1s gobiernos federales que ya prescindieron del uso de&#8230;<\/p>\n","protected":false},"author":4,"featured_media":43563,"comment_status":"closed","ping_status":"closed","sticky":false,"template":"","format":"standard","meta":{"footnotes":""},"categories":[4],"tags":[],"class_list":["post-43536","post","type-post","status-publish","format-standard","has-post-thumbnail","hentry","category-noticias-del-dia"],"_links":{"self":[{"href":"https:\/\/bambapolitica.com.mx\/index.php\/wp-json\/wp\/v2\/posts\/43536","targetHints":{"allow":["GET"]}}],"collection":[{"href":"https:\/\/bambapolitica.com.mx\/index.php\/wp-json\/wp\/v2\/posts"}],"about":[{"href":"https:\/\/bambapolitica.com.mx\/index.php\/wp-json\/wp\/v2\/types\/post"}],"author":[{"embeddable":true,"href":"https:\/\/bambapolitica.com.mx\/index.php\/wp-json\/wp\/v2\/users\/4"}],"replies":[{"embeddable":true,"href":"https:\/\/bambapolitica.com.mx\/index.php\/wp-json\/wp\/v2\/comments?post=43536"}],"version-history":[{"count":1,"href":"https:\/\/bambapolitica.com.mx\/index.php\/wp-json\/wp\/v2\/posts\/43536\/revisions"}],"predecessor-version":[{"id":43566,"href":"https:\/\/bambapolitica.com.mx\/index.php\/wp-json\/wp\/v2\/posts\/43536\/revisions\/43566"}],"wp:featuredmedia":[{"embeddable":true,"href":"https:\/\/bambapolitica.com.mx\/index.php\/wp-json\/wp\/v2\/media\/43563"}],"wp:attachment":[{"href":"https:\/\/bambapolitica.com.mx\/index.php\/wp-json\/wp\/v2\/media?parent=43536"}],"wp:term":[{"taxonomy":"category","embeddable":true,"href":"https:\/\/bambapolitica.com.mx\/index.php\/wp-json\/wp\/v2\/categories?post=43536"},{"taxonomy":"post_tag","embeddable":true,"href":"https:\/\/bambapolitica.com.mx\/index.php\/wp-json\/wp\/v2\/tags?post=43536"}],"curies":[{"name":"wp","href":"https:\/\/api.w.org\/{rel}","templated":true}]}}