{"id":43537,"date":"2022-03-17T13:20:59","date_gmt":"2022-03-17T19:20:59","guid":{"rendered":"http:\/\/bambapolitica.com.mx\/?p=43537"},"modified":"2022-03-17T13:21:07","modified_gmt":"2022-03-17T19:21:07","slug":"vinculan-a-proceso-a-sandra-cuevas-alcaldesa-de-cuauhtemoc","status":"publish","type":"post","link":"https:\/\/bambapolitica.com.mx\/index.php\/2022\/03\/17\/vinculan-a-proceso-a-sandra-cuevas-alcaldesa-de-cuauhtemoc\/","title":{"rendered":"Vinculan a proceso a Sandra Cuevas, alcaldesa de Cuauht\u00e9moc"},"content":{"rendered":"\n<p class=\"has-medium-font-size\">La alcaldesa continuar\u00e1 separada de su cargo mientras dure la investigaci\u00f3n y no podr\u00e1 salir del pa\u00eds<\/p>\n\n\n\n<p class=\"has-medium-font-size\">La alcaldesa con licencia de Cuauht\u00e9moc, Sandra Cuevas, fue vinculada a proceso por el presunto delito de robo y abuso de autoridad, derivada de la denuncia de algunos polic\u00edas auxiliares de la Ciudad de M\u00e9xico.<\/p>\n\n\n\n<p class=\"has-medium-font-size\">La Fiscal\u00eda de la CDMX inform\u00f3 que la ma\u00f1ana de este jueves obtuvo la vinculaci\u00f3n proceso de cuatro servidores p\u00fablicos por su probable participaci\u00f3n en delitos de robo y abuso de autoridad, a los que, en el caso de Cuevas, se suma una acusaci\u00f3n por discriminaci\u00f3n.<\/p>\n\n\n\n<figure class=\"wp-block-embed-twitter wp-block-embed is-type-rich is-provider-twitter\"><div class=\"wp-block-embed__wrapper\">\n<blockquote class=\"twitter-tweet\" data-width=\"550\" data-dnt=\"true\"><p lang=\"es\" dir=\"ltr\">La <a href=\"https:\/\/twitter.com\/hashtag\/FGJCDMX?src=hash&amp;ref_src=twsrc%5Etfw\">#FGJCDMX<\/a> obtuvo vinculaci\u00f3n a proceso contra cuatro servidoras y servidores p\u00fablicos de <a href=\"https:\/\/twitter.com\/AlcCuauhtemocMx?ref_src=twsrc%5Etfw\">@AlcCuauhtemocMx<\/a>, entre ellos la titular de la demarcaci\u00f3n, por su probable participaci\u00f3n en delitos de robo y abuso de autoridad. En el caso de la alcaldesa tambi\u00e9n por discriminaci\u00f3n <a href=\"https:\/\/t.co\/asieYB6xru\">pic.twitter.com\/asieYB6xru<\/a><\/p>&mdash; Fiscal\u00eda CDMX (@FiscaliaCDMX) <a href=\"https:\/\/twitter.com\/FiscaliaCDMX\/status\/1504504566922031108?ref_src=twsrc%5Etfw\">March 17, 2022<\/a><\/blockquote><script async src=\"https:\/\/platform.twitter.com\/widgets.js\" charset=\"utf-8\"><\/script>\n<\/div><\/figure>\n\n\n\n<p class=\"has-medium-font-size\">Asimismo, se fijaron dos meses de plazo para realizar la investigaci\u00f3n complementaria y el juez determin\u00f3 que se mantengan las medidas cautelares contra la funcionaria, que implican la separaci\u00f3n de su cargo, no abandonar el pa\u00eds y no acercarse a la parte acusadora.<\/p>\n\n\n\n<p class=\"has-medium-font-size\">Al salir de la audiencia, Sandra Cuevas coment\u00f3: &#8220;ya present\u00e9 mis pruebas, fue una audiencia larga; sin embargo, decirles que me siento tranquila, conf\u00edo en las instituciones, s\u00e9 que van a ser bien valoradas, hoy se presentaron de forma distinta. Conf\u00edo en la justicia&#8221;.<\/p>\n\n\n\n<p class=\"has-medium-font-size\">Por otro lado, la jefa de gobierno de la CDMX, Claudia Sheinabum, reiter\u00f3 el proceso contra la alcaldesa es un tema meramente judicial, que deriva de una denuncia penal; \u201cnosotros no estamos involucramos de ninguna manera en el tema\u201d.<\/p>\n\n\n\n<p class=\"has-medium-font-size\">Al ser vinculada a proceso, Sandra Cuevas se considera imputada y comenzar\u00e1 su proceso legal para determinar su culpabilidad.<\/p>\n\n\n\n<p class=\"has-medium-font-size\">Si los delitos no ameritan prisi\u00f3n preventiva oficiosa, a la alcaldesa de Cuauht\u00e9moc le conceder\u00e1n una medida cautelar, como asistir a firmar en donde determine la autoridad jurisdiccional.<\/p>\n\n\n\n<p>elsoldemexico<\/p>\n","protected":false},"excerpt":{"rendered":"<p>La alcaldesa continuar\u00e1 separada de su cargo mientras dure la investigaci\u00f3n y no podr\u00e1 salir&#8230;<\/p>\n","protected":false},"author":4,"featured_media":43567,"comment_status":"closed","ping_status":"closed","sticky":false,"template":"","format":"standard","meta":{"footnotes":""},"categories":[4],"tags":[],"class_list":["post-43537","post","type-post","status-publish","format-standard","has-post-thumbnail","hentry","category-noticias-del-dia"],"_links":{"self":[{"href":"https:\/\/bambapolitica.com.mx\/index.php\/wp-json\/wp\/v2\/posts\/43537","targetHints":{"allow":["GET"]}}],"collection":[{"href":"https:\/\/bambapolitica.com.mx\/index.php\/wp-json\/wp\/v2\/posts"}],"about":[{"href":"https:\/\/bambapolitica.com.mx\/index.php\/wp-json\/wp\/v2\/types\/post"}],"author":[{"embeddable":true,"href":"https:\/\/bambapolitica.com.mx\/index.php\/wp-json\/wp\/v2\/users\/4"}],"replies":[{"embeddable":true,"href":"https:\/\/bambapolitica.com.mx\/index.php\/wp-json\/wp\/v2\/comments?post=43537"}],"version-history":[{"count":1,"href":"https:\/\/bambapolitica.com.mx\/index.php\/wp-json\/wp\/v2\/posts\/43537\/revisions"}],"predecessor-version":[{"id":43568,"href":"https:\/\/bambapolitica.com.mx\/index.php\/wp-json\/wp\/v2\/posts\/43537\/revisions\/43568"}],"wp:featuredmedia":[{"embeddable":true,"href":"https:\/\/bambapolitica.com.mx\/index.php\/wp-json\/wp\/v2\/media\/43567"}],"wp:attachment":[{"href":"https:\/\/bambapolitica.com.mx\/index.php\/wp-json\/wp\/v2\/media?parent=43537"}],"wp:term":[{"taxonomy":"category","embeddable":true,"href":"https:\/\/bambapolitica.com.mx\/index.php\/wp-json\/wp\/v2\/categories?post=43537"},{"taxonomy":"post_tag","embeddable":true,"href":"https:\/\/bambapolitica.com.mx\/index.php\/wp-json\/wp\/v2\/tags?post=43537"}],"curies":[{"name":"wp","href":"https:\/\/api.w.org\/{rel}","templated":true}]}}