{"id":43539,"date":"2022-03-17T13:24:51","date_gmt":"2022-03-17T19:24:51","guid":{"rendered":"http:\/\/bambapolitica.com.mx\/?p=43539"},"modified":"2022-03-17T13:25:14","modified_gmt":"2022-03-17T19:25:14","slug":"ahued-anuncia-ajuste-al-gasto-administrativo","status":"publish","type":"post","link":"https:\/\/bambapolitica.com.mx\/index.php\/2022\/03\/17\/ahued-anuncia-ajuste-al-gasto-administrativo\/","title":{"rendered":"Ahued anuncia ajuste al gasto administrativo"},"content":{"rendered":"\n<p class=\"has-medium-font-size\">Ricardo Ahued anuncia ajuste en gasto administrativo municipal.<\/p>\n\n\n\n<p class=\"has-medium-font-size\">\u2022 Negociaci\u00f3n con el Sindicato Municipal implicar\u00e1 reducciones y austeridad administrativa.<\/p>\n\n\n\n<p class=\"has-medium-font-size\">\u2022 Obras y acciones para la ciudad y para los ciudadanos no se ver\u00e1n afectados tras dicho ajuste.<\/p>\n\n\n\n<p class=\"has-medium-font-size\">Xalapa, Ver. 17 marzo 2022.- A partir de este ejercicio fiscal, la administraci\u00f3n municipal tendr\u00e1 que sufragar cerca de 50 millones de pesos anuales adicionales para cumplir los compromisos adquiridos con el personal de base al servicio del Ayuntamiento, inform\u00f3 el alcalde Ricardo Ahued Bardahuil.<\/p>\n\n\n\n<p class=\"has-medium-font-size\">En conferencia de prensa manifest\u00f3 que los ajustes administrativos responden a los incrementos justos para una parte de la plantilla laboral que ven\u00eda percibiendo salarios por debajo del m\u00ednimo, \u201cla prioridad es proteger los derechos de los trabajadores y seguir\u00e1 habiendo ajustes de personal y gasto corriente\u201d, dijo.<\/p>\n\n\n\n<p class=\"has-medium-font-size\">Adem\u00e1s hubo algunos incrementos dentro de las condiciones generales de trabajo como el aumento a la aportaci\u00f3n por concepto de ayuda en el pago del agua, la ayuda en renta y la cantidad que se entrega anualmente para la compra de uniformes con motivo del desfile del D\u00eda del Trabajo.<\/p>\n\n\n\n<p class=\"has-medium-font-size\">De acuerdo con Ahued Bardahuil, a partir de este a\u00f1o se tendr\u00e1 un incremento de 50 millones de pesos de gasto obligatorio anual que no se encontraba contemplado dentro del presupuesto, por lo que para evitar la necesidad de suspender acciones importantes para la ciudad y salvaguardar temas como la obra p\u00fablica, se aplicar\u00e1 una serie de medidas acordes a los actuales tiempos de austeridad.<\/p>\n\n\n\n<p class=\"has-medium-font-size\">Dio a conocer que ya se realiza una reestructuraci\u00f3n administrativa al interior del Ayuntamiento, donde destaca el an\u00e1lisis de las plantillas laborales a fin de determinar la manera m\u00e1s eficaz de operar, una reducci\u00f3n salarial al personal de confianza y la decisi\u00f3n de suspender por completo las contrataciones de personal de nuevo ingreso y eliminar las suplencias para el personal de base.<\/p>\n\n\n\n<p class=\"has-medium-font-size\">\u201cCada Director est\u00e1 buscando c\u00f3mo reducir el gasto y hacer m\u00e1s con menos. Xalapa enfrenta grandes retos financieros, pero con responsabilidad daremos resultados\u201d, concluy\u00f3.<\/p>\n","protected":false},"excerpt":{"rendered":"<p>Ricardo Ahued anuncia ajuste en gasto administrativo municipal. \u2022 Negociaci\u00f3n con el Sindicato Municipal implicar\u00e1&#8230;<\/p>\n","protected":false},"author":4,"featured_media":43573,"comment_status":"closed","ping_status":"closed","sticky":false,"template":"","format":"standard","meta":{"footnotes":""},"categories":[4],"tags":[],"class_list":["post-43539","post","type-post","status-publish","format-standard","has-post-thumbnail","hentry","category-noticias-del-dia"],"_links":{"self":[{"href":"https:\/\/bambapolitica.com.mx\/index.php\/wp-json\/wp\/v2\/posts\/43539","targetHints":{"allow":["GET"]}}],"collection":[{"href":"https:\/\/bambapolitica.com.mx\/index.php\/wp-json\/wp\/v2\/posts"}],"about":[{"href":"https:\/\/bambapolitica.com.mx\/index.php\/wp-json\/wp\/v2\/types\/post"}],"author":[{"embeddable":true,"href":"https:\/\/bambapolitica.com.mx\/index.php\/wp-json\/wp\/v2\/users\/4"}],"replies":[{"embeddable":true,"href":"https:\/\/bambapolitica.com.mx\/index.php\/wp-json\/wp\/v2\/comments?post=43539"}],"version-history":[{"count":2,"href":"https:\/\/bambapolitica.com.mx\/index.php\/wp-json\/wp\/v2\/posts\/43539\/revisions"}],"predecessor-version":[{"id":43575,"href":"https:\/\/bambapolitica.com.mx\/index.php\/wp-json\/wp\/v2\/posts\/43539\/revisions\/43575"}],"wp:featuredmedia":[{"embeddable":true,"href":"https:\/\/bambapolitica.com.mx\/index.php\/wp-json\/wp\/v2\/media\/43573"}],"wp:attachment":[{"href":"https:\/\/bambapolitica.com.mx\/index.php\/wp-json\/wp\/v2\/media?parent=43539"}],"wp:term":[{"taxonomy":"category","embeddable":true,"href":"https:\/\/bambapolitica.com.mx\/index.php\/wp-json\/wp\/v2\/categories?post=43539"},{"taxonomy":"post_tag","embeddable":true,"href":"https:\/\/bambapolitica.com.mx\/index.php\/wp-json\/wp\/v2\/tags?post=43539"}],"curies":[{"name":"wp","href":"https:\/\/api.w.org\/{rel}","templated":true}]}}