{"id":43576,"date":"2022-03-17T13:26:59","date_gmt":"2022-03-17T19:26:59","guid":{"rendered":"http:\/\/bambapolitica.com.mx\/?p=43576"},"modified":"2022-03-17T13:27:05","modified_gmt":"2022-03-17T19:27:05","slug":"director-revira-a-patita-yunes","status":"publish","type":"post","link":"https:\/\/bambapolitica.com.mx\/index.php\/2022\/03\/17\/director-revira-a-patita-yunes\/","title":{"rendered":"Director revira a Patita Yunes!!!"},"content":{"rendered":"\n<p class=\"has-medium-font-size\">Muchos cuidan a la familia Yunes-M\u00e1rquez-Lobeira!!!<\/p>\n\n\n\n<p class=\"has-medium-font-size\">Nos hacen falta m\u00e1s polic\u00edas municipales en Veracruz: Director Polic\u00eda Municipal<\/p>\n\n\n\n<p class=\"has-medium-font-size\">\u2022 Polic\u00eda municipal fue creada en 2018 por capricho de Yunes Linares e Hijo.<\/p>\n\n\n\n<p class=\"has-medium-font-size\">\u2022 Ahora la Nuera y Cu\u00f1ada de ellos carga con la responsabilidad por la inseguridad.<\/p>\n\n\n\n<p class=\"has-medium-font-size\">\u2022 Asaltos a comercios y ciudadanos en los principales fraccionamientos y colonias del puerto.<\/p>\n\n\n\n<p class=\"has-medium-font-size\">\u2022 Ahora como no pueden piden auxilio a la SSP del Gobierno Estatal, a la Marina y a la Guardia Nacional.<\/p>\n\n\n\n<p class=\"has-medium-font-size\">Veracruz, Ver. 17 marzo 2022.<\/p>\n\n\n\n<p class=\"has-medium-font-size\">El comandante de la Polic\u00eda Municipal de Veracruz, Jorge Miguel Rodr\u00edguez, afirm\u00f3 que de acuerdo a los est\u00e1ndares internacionales les hacen falta m\u00e1s efectivos para operar en optimas condiciones en la ciudad.<\/p>\n\n\n\n<p class=\"has-medium-font-size\">&#8220;Nos faltan muchos, estamos por debajo de los est\u00e1ndares requeridos; nosotros somos tan s\u00f3lo 135 elementos en la Polic\u00eda Municipal pero somos insuficientes para brindar la seguridad que se requiere&#8221;, dijo.<\/p>\n\n\n\n<p class=\"has-medium-font-size\">El mando policiaco municipal subray\u00f3 que la operatividad de la corporaci\u00f3n a su cargo es reforzada gracias a la Polic\u00eda Naval (PN), Polic\u00eda Estatal (SSP) y Guardia Nacional (GN), quienes coordinados son quienes en realidad se hacen cargo de la seguridad p\u00fablica del municipio.<\/p>\n\n\n\n<p class=\"has-medium-font-size\">&#8220;Tratamos de darnos abasto, pero no podemos, tratamos de cubrir lo que m\u00e1s podamos con lo poco que tenemos&#8221;, respondi\u00f3 al ser cuestionado sobre el servicio que ofrecen a los m\u00e1s de 1 mill\u00f3n de habitantes porte\u00f1os<\/p>\n\n\n\n<p class=\"has-medium-font-size\">En torno a los hechos de inseguridad que se han registrado en la zona del centro y fraccionamientos se excus\u00f3 diciendo que s\u00ed hay patrullas para realizar rondines, pero la ciudad es muy grande, hay muchos ciudadanos y las necesidades son cada vez mayores.<\/p>\n","protected":false},"excerpt":{"rendered":"<p>Muchos cuidan a la familia Yunes-M\u00e1rquez-Lobeira!!! Nos hacen falta m\u00e1s polic\u00edas municipales en Veracruz: Director&#8230;<\/p>\n","protected":false},"author":4,"featured_media":43578,"comment_status":"closed","ping_status":"closed","sticky":false,"template":"","format":"standard","meta":{"footnotes":""},"categories":[4],"tags":[],"class_list":["post-43576","post","type-post","status-publish","format-standard","has-post-thumbnail","hentry","category-noticias-del-dia"],"_links":{"self":[{"href":"https:\/\/bambapolitica.com.mx\/index.php\/wp-json\/wp\/v2\/posts\/43576","targetHints":{"allow":["GET"]}}],"collection":[{"href":"https:\/\/bambapolitica.com.mx\/index.php\/wp-json\/wp\/v2\/posts"}],"about":[{"href":"https:\/\/bambapolitica.com.mx\/index.php\/wp-json\/wp\/v2\/types\/post"}],"author":[{"embeddable":true,"href":"https:\/\/bambapolitica.com.mx\/index.php\/wp-json\/wp\/v2\/users\/4"}],"replies":[{"embeddable":true,"href":"https:\/\/bambapolitica.com.mx\/index.php\/wp-json\/wp\/v2\/comments?post=43576"}],"version-history":[{"count":1,"href":"https:\/\/bambapolitica.com.mx\/index.php\/wp-json\/wp\/v2\/posts\/43576\/revisions"}],"predecessor-version":[{"id":43579,"href":"https:\/\/bambapolitica.com.mx\/index.php\/wp-json\/wp\/v2\/posts\/43576\/revisions\/43579"}],"wp:featuredmedia":[{"embeddable":true,"href":"https:\/\/bambapolitica.com.mx\/index.php\/wp-json\/wp\/v2\/media\/43578"}],"wp:attachment":[{"href":"https:\/\/bambapolitica.com.mx\/index.php\/wp-json\/wp\/v2\/media?parent=43576"}],"wp:term":[{"taxonomy":"category","embeddable":true,"href":"https:\/\/bambapolitica.com.mx\/index.php\/wp-json\/wp\/v2\/categories?post=43576"},{"taxonomy":"post_tag","embeddable":true,"href":"https:\/\/bambapolitica.com.mx\/index.php\/wp-json\/wp\/v2\/tags?post=43576"}],"curies":[{"name":"wp","href":"https:\/\/api.w.org\/{rel}","templated":true}]}}