{"id":43975,"date":"2022-03-28T07:19:31","date_gmt":"2022-03-28T13:19:31","guid":{"rendered":"http:\/\/bambapolitica.com.mx\/?p=43975"},"modified":"2022-03-28T07:20:41","modified_gmt":"2022-03-28T13:20:41","slug":"dejan-a-mujer-sin-vida-en-hotel-de-paso-de-valle-de-chalco","status":"publish","type":"post","link":"https:\/\/bambapolitica.com.mx\/index.php\/2022\/03\/28\/dejan-a-mujer-sin-vida-en-hotel-de-paso-de-valle-de-chalco\/","title":{"rendered":"Dejan a mujer sin vida en hotel de paso de Valle de Chalco"},"content":{"rendered":"\n<p class=\"has-medium-font-size\">#VALLEDECHALCO, EDOMEX, 28 de marzo 2022.<\/p>\n\n\n\n<p class=\"has-medium-font-size\">Una mujer fue encontrada muerta y maniatada al interior del Hotel Posada Del \u00c1ngel, ubicado en el n\u00famero 10 de la calle Norte 29 y Oriente 2 de la colonia Independencia.<\/p>\n\n\n\n<p class=\"has-medium-font-size\">Fue por la tarde de este domingo que el personal de limpieza encontr\u00f3 el cuerpo sin vida de la mujer.<\/p>\n\n\n\n<p class=\"has-medium-font-size\">\u00a0Ella a\u00fan no es identificada y se encontraba boca abajo con signos de violencia.<\/p>\n\n\n\n<p class=\"has-medium-font-size\">Al lugar lleg\u00f3 la unidad 498 de Protecci\u00f3n Civil de Valle de Chalco cuyo personal al revisar el cuerpo de la mujer la encontr\u00f3 sin signos vitales.<\/p>\n\n\n\n<p class=\"has-medium-font-size\">A las 16 horas el cuerpo de la chica fue retirado por la ambulancia de servicios periciales y la polic\u00eda de investigaci\u00f3n se hizo cargo de este feminicidio.<\/p>\n\n\n\n<div class=\"wp-block-image\"><figure class=\"aligncenter size-large\"><img loading=\"lazy\" decoding=\"async\" width=\"958\" height=\"596\" src=\"https:\/\/bambapolitica.com.mx\/wp-content\/uploads\/2022\/03\/la-victima-estaba-maniatada-especial-1.jpg\" alt=\"\" class=\"wp-image-43989\" srcset=\"https:\/\/bambapolitica.com.mx\/wp-content\/uploads\/2022\/03\/la-victima-estaba-maniatada-especial-1.jpg 958w, https:\/\/bambapolitica.com.mx\/wp-content\/uploads\/2022\/03\/la-victima-estaba-maniatada-especial-1-300x187.jpg 300w, https:\/\/bambapolitica.com.mx\/wp-content\/uploads\/2022\/03\/la-victima-estaba-maniatada-especial-1-768x478.jpg 768w, https:\/\/bambapolitica.com.mx\/wp-content\/uploads\/2022\/03\/la-victima-estaba-maniatada-especial-1-235x146.jpg 235w, https:\/\/bambapolitica.com.mx\/wp-content\/uploads\/2022\/03\/la-victima-estaba-maniatada-especial-1-50x31.jpg 50w, https:\/\/bambapolitica.com.mx\/wp-content\/uploads\/2022\/03\/la-victima-estaba-maniatada-especial-1-121x75.jpg 121w\" sizes=\"auto, (max-width: 958px) 100vw, 958px\" \/><\/figure><\/div>\n\n\n\n<p>reporterosenmovimiento<\/p>\n","protected":false},"excerpt":{"rendered":"<p>#VALLEDECHALCO, EDOMEX, 28 de marzo 2022. Una mujer fue encontrada muerta y maniatada al interior&#8230;<\/p>\n","protected":false},"author":4,"featured_media":43990,"comment_status":"closed","ping_status":"closed","sticky":false,"template":"","format":"standard","meta":{"footnotes":""},"categories":[4],"tags":[],"class_list":["post-43975","post","type-post","status-publish","format-standard","has-post-thumbnail","hentry","category-noticias-del-dia"],"_links":{"self":[{"href":"https:\/\/bambapolitica.com.mx\/index.php\/wp-json\/wp\/v2\/posts\/43975","targetHints":{"allow":["GET"]}}],"collection":[{"href":"https:\/\/bambapolitica.com.mx\/index.php\/wp-json\/wp\/v2\/posts"}],"about":[{"href":"https:\/\/bambapolitica.com.mx\/index.php\/wp-json\/wp\/v2\/types\/post"}],"author":[{"embeddable":true,"href":"https:\/\/bambapolitica.com.mx\/index.php\/wp-json\/wp\/v2\/users\/4"}],"replies":[{"embeddable":true,"href":"https:\/\/bambapolitica.com.mx\/index.php\/wp-json\/wp\/v2\/comments?post=43975"}],"version-history":[{"count":2,"href":"https:\/\/bambapolitica.com.mx\/index.php\/wp-json\/wp\/v2\/posts\/43975\/revisions"}],"predecessor-version":[{"id":43992,"href":"https:\/\/bambapolitica.com.mx\/index.php\/wp-json\/wp\/v2\/posts\/43975\/revisions\/43992"}],"wp:featuredmedia":[{"embeddable":true,"href":"https:\/\/bambapolitica.com.mx\/index.php\/wp-json\/wp\/v2\/media\/43990"}],"wp:attachment":[{"href":"https:\/\/bambapolitica.com.mx\/index.php\/wp-json\/wp\/v2\/media?parent=43975"}],"wp:term":[{"taxonomy":"category","embeddable":true,"href":"https:\/\/bambapolitica.com.mx\/index.php\/wp-json\/wp\/v2\/categories?post=43975"},{"taxonomy":"post_tag","embeddable":true,"href":"https:\/\/bambapolitica.com.mx\/index.php\/wp-json\/wp\/v2\/tags?post=43975"}],"curies":[{"name":"wp","href":"https:\/\/api.w.org\/{rel}","templated":true}]}}