{"id":44025,"date":"2022-03-28T07:59:31","date_gmt":"2022-03-28T13:59:31","guid":{"rendered":"http:\/\/bambapolitica.com.mx\/?p=44025"},"modified":"2022-03-28T07:59:34","modified_gmt":"2022-03-28T13:59:34","slug":"accidente-deja-como-saldo-20-lesionados-y-dos-muertos-en-autopista-talpa-de-allende-cuesta","status":"publish","type":"post","link":"https:\/\/bambapolitica.com.mx\/index.php\/2022\/03\/28\/accidente-deja-como-saldo-20-lesionados-y-dos-muertos-en-autopista-talpa-de-allende-cuesta\/","title":{"rendered":"Accidente deja como saldo 20 lesionados y dos muertos en autopista Talpa de Allende-Cuesta"},"content":{"rendered":"\n<p class=\"has-medium-font-size\">Protecci\u00f3n Civil y Bomberos de Jalisco refiri\u00f3 que se trat\u00f3 de la volcadura de una camioneta que se dedica a realizar viajes tur\u00edsticos<\/p>\n\n\n\n<p class=\"has-medium-font-size\">20 personas lesionadas y dos muertos, fue el saldo de un accidente sobre la carretera Talpa de Allende-La Cuesta, en el municipio de Talpa, a la altura del kilometro 3.<\/p>\n\n\n\n<figure class=\"wp-block-embed-twitter wp-block-embed is-type-rich is-provider-twitter\"><div class=\"wp-block-embed__wrapper\">\n<blockquote class=\"twitter-tweet\" data-width=\"550\" data-dnt=\"true\"><p lang=\"es\" dir=\"ltr\"><a href=\"https:\/\/twitter.com\/hashtag\/AlMomento?src=hash&amp;ref_src=twsrc%5Etfw\">#AlMomento<\/a> atendemos en coordinaci\u00f3n con autoridades municipales, la volcadura de una camioneta  con varias personas lesionadas esto sobre el km 3 de la carretera Talpa De Allende &#8211; La Cuesta, se solicita el apoyo de <a href=\"https:\/\/twitter.com\/SAMUJalisco?ref_src=twsrc%5Etfw\">@SAMUJalisco<\/a> para el traslado de los lesionados <a href=\"https:\/\/t.co\/cuRb2CHhok\">pic.twitter.com\/cuRb2CHhok<\/a><\/p>&mdash; Protecci\u00f3n Civil JAL (@PCJalisco) <a href=\"https:\/\/twitter.com\/PCJalisco\/status\/1508262023955681285?ref_src=twsrc%5Etfw\">March 28, 2022<\/a><\/blockquote><script async src=\"https:\/\/platform.twitter.com\/widgets.js\" charset=\"utf-8\"><\/script>\n<\/div><\/figure>\n\n\n\n<p class=\"has-medium-font-size\">Protecci\u00f3n Civil y Bomberos de Jalisco refiri\u00f3 que se trat\u00f3 de la volcadura de una camioneta que se dedica a realizar viajes tur\u00edsticos, sin embargo, se desconocen las causas que provocaron el accidente.<\/p>\n\n\n\n<p class=\"has-medium-font-size\">Jos\u00e9 Manuel Becerra, segundo comandante regional de la comandancia de Talpa de Allende, inform\u00f3 que de los 20 lesionados: <\/p>\n\n\n\n<ul class=\"wp-block-list\"><li>11 en estado leve <\/li><li>5 en estado regular <\/li><li>4 en estado grave <\/li><\/ul>\n\n\n\n<p class=\"has-medium-font-size\">Dos mujeres perdieron la vida en el percance vial, una de ellas falleci\u00f3 en el lugar y otra muri\u00f3 en el hospital. <\/p>\n\n\n\n<p class=\"has-medium-font-size\">11 de los lesionados fueron trasladados al Hospital de primer contacto del municipio de Mascota, entre ellas una ni\u00f1a en estado grave, quien fue trasladada al Hospital Regional de Puerto Vallarta.<\/p>\n\n\n\n<p class=\"has-medium-font-size\">Seis lesionados se quedaron en el hospital de primer contacto de Talpa de Allende y tres fueron estabilizados en el Hospital de Talpa y despu\u00e9s trasladados por el helic\u00f3ptero Black Hawk al Hospital Civil Fray Antonio Alcalde.<\/p>\n","protected":false},"excerpt":{"rendered":"<p>Protecci\u00f3n Civil y Bomberos de Jalisco refiri\u00f3 que se trat\u00f3 de la volcadura de una&#8230;<\/p>\n","protected":false},"author":4,"featured_media":44029,"comment_status":"closed","ping_status":"closed","sticky":false,"template":"","format":"standard","meta":{"footnotes":""},"categories":[2],"tags":[],"class_list":["post-44025","post","type-post","status-publish","format-standard","has-post-thumbnail","hentry","category-policiaca"],"_links":{"self":[{"href":"https:\/\/bambapolitica.com.mx\/index.php\/wp-json\/wp\/v2\/posts\/44025","targetHints":{"allow":["GET"]}}],"collection":[{"href":"https:\/\/bambapolitica.com.mx\/index.php\/wp-json\/wp\/v2\/posts"}],"about":[{"href":"https:\/\/bambapolitica.com.mx\/index.php\/wp-json\/wp\/v2\/types\/post"}],"author":[{"embeddable":true,"href":"https:\/\/bambapolitica.com.mx\/index.php\/wp-json\/wp\/v2\/users\/4"}],"replies":[{"embeddable":true,"href":"https:\/\/bambapolitica.com.mx\/index.php\/wp-json\/wp\/v2\/comments?post=44025"}],"version-history":[{"count":1,"href":"https:\/\/bambapolitica.com.mx\/index.php\/wp-json\/wp\/v2\/posts\/44025\/revisions"}],"predecessor-version":[{"id":44030,"href":"https:\/\/bambapolitica.com.mx\/index.php\/wp-json\/wp\/v2\/posts\/44025\/revisions\/44030"}],"wp:featuredmedia":[{"embeddable":true,"href":"https:\/\/bambapolitica.com.mx\/index.php\/wp-json\/wp\/v2\/media\/44029"}],"wp:attachment":[{"href":"https:\/\/bambapolitica.com.mx\/index.php\/wp-json\/wp\/v2\/media?parent=44025"}],"wp:term":[{"taxonomy":"category","embeddable":true,"href":"https:\/\/bambapolitica.com.mx\/index.php\/wp-json\/wp\/v2\/categories?post=44025"},{"taxonomy":"post_tag","embeddable":true,"href":"https:\/\/bambapolitica.com.mx\/index.php\/wp-json\/wp\/v2\/tags?post=44025"}],"curies":[{"name":"wp","href":"https:\/\/api.w.org\/{rel}","templated":true}]}}