{"id":44215,"date":"2022-04-01T07:16:48","date_gmt":"2022-04-01T13:16:48","guid":{"rendered":"http:\/\/bambapolitica.com.mx\/?p=44215"},"modified":"2022-04-01T07:16:50","modified_gmt":"2022-04-01T13:16:50","slug":"retiran-a-60-funcionarios-de-la-fiscalia-del-estado-de-mexico-por-corrupcion","status":"publish","type":"post","link":"https:\/\/bambapolitica.com.mx\/index.php\/2022\/04\/01\/retiran-a-60-funcionarios-de-la-fiscalia-del-estado-de-mexico-por-corrupcion\/","title":{"rendered":"Retiran a 60 funcionarios de la Fiscal\u00eda del Estado de M\u00e9xico por corrupci\u00f3n"},"content":{"rendered":"\n<p class=\"has-medium-font-size\">Estaban relacionados con grupos delictivos dedicados al huachicoleo, extorsi\u00f3n y robo a transporte de carga, aseguran.<\/p>\n\n\n\n<p class=\"has-medium-font-size\">60 servidores p\u00fablicos adscritos a la Fiscal\u00eda General de Justicia del Estado de M\u00e9xico (FGJEM) dejaron de prestar sus servicios como parte de la reingenier\u00eda realizada por el nuevo titular, Jos\u00e9 Luis Cervantes, al interior de la dependencia y que advierten tiene la intensi\u00f3n de disminuir los \u00edndices de corrupci\u00f3n.<\/p>\n\n\n\n<p class=\"has-medium-font-size\">De acuerdo con informaci\u00f3n solicitada a la fiscal\u00eda, los movimientos se realizaron en diversas \u00e1reas entre Fiscal\u00edas Regionales, Fiscal\u00edas Especializadas, Jefes de Unidad regionales y Polic\u00edas de Investigaci\u00f3n quienes fueron removidos \u201cpara cortar de tajo con elementos de quienes era sabido por la sociedad, basaban su actividad en la corrupci\u00f3n y no en el servicio a la ciudadan\u00eda\u201d, destacan. <\/p>\n\n\n\n<p class=\"has-medium-font-size\">Aseguran tambi\u00e9n que los cambios se llevaron a cabo con la intensi\u00f3n de eliminar a grupos delictivos dedicados a diversos delitos como huachicoleo, extorsi\u00f3n y robo de transporte de carga en los que presuntamente tambi\u00e9n estuvieron vinculados los ahora ex funcionarios.<\/p>\n\n\n\n<p class=\"has-medium-font-size\">\u201cEl mayor reto es recuperar la confianza ciudadana, los nuevos cuadros dar\u00e1n a conocer en breve y deber\u00e1n de dar los resultados en poco tiempo\u201d, aseguran.<\/p>\n\n\n\n<p class=\"has-medium-font-size\">Cabe destacar que esta acci\u00f3n fue uno de los primeros compromisos asumidos por Jos\u00e9 Luis Cervantes ante medios de comunicaci\u00f3n, tras tomar protesta ante el pleno legislativo el pasado 10 de marzo como nuevo fiscal de justicia mexiquense. <\/p>\n\n\n\n<p class=\"has-medium-font-size\">En ese entonces enfatiz\u00f3 en la necesidad de que la dependencia tenga un nuevo rostro, con nuevas pol\u00edticas y con el reto a corto plazo de acercarse a la poblaci\u00f3n, a trav\u00e9s del combate a la impunidad \u201cy atendiendo la demanda de justicia, y por ello nos mantendremos vigilantes para que las personas sin el perfil de honestidad, lealtad y entrega que requieren no tengan lugar en este \u00f3rgano\u201d.<\/p>\n\n\n\n<p class=\"has-medium-font-size\">Jos\u00e9 Luis Cervantes fue elegido por unanimidad por el Congreso del Estado de M\u00e9xico despu\u00e9s de un proceso donde se registraron m\u00e1s de 40 aspirantes. <\/p>\n\n\n\n<p class=\"has-medium-font-size\"><strong>M\u00e1s pendientes <\/strong><\/p>\n\n\n\n<p class=\"has-medium-font-size\">De acuerdo con el \u00d3rgano Superior de Fiscalizaci\u00f3n del Estado de M\u00e9xico (Osfem) la pasada administraci\u00f3n, encabezada por Alejandro G\u00f3mez S\u00e1nchez, dej\u00f3 tambi\u00e9n diversas observaciones en orden de 3 mil 117 millones de pesos durante el ejercicio fiscal 2020 por lo que es un tema que tambi\u00e9n deber\u00e1 justificar la nueva Fiscal\u00eda. <\/p>\n\n\n\n<p class=\"has-medium-font-size\">Entre los puntos m\u00e1s importantes a resolver en las finanzas de la instituci\u00f3n es la de justificar omisiones en procedimientos administrativos, transferencias de recursos estatales para gasto operativo realizado de manera indebida, as\u00ed como anticipos de pagos.<\/p>\n\n\n\n<p>milenio<\/p>\n","protected":false},"excerpt":{"rendered":"<p>Estaban relacionados con grupos delictivos dedicados al huachicoleo, extorsi\u00f3n y robo a transporte de carga,&#8230;<\/p>\n","protected":false},"author":4,"featured_media":44227,"comment_status":"closed","ping_status":"closed","sticky":false,"template":"","format":"standard","meta":{"footnotes":""},"categories":[4],"tags":[],"class_list":["post-44215","post","type-post","status-publish","format-standard","has-post-thumbnail","hentry","category-noticias-del-dia"],"_links":{"self":[{"href":"https:\/\/bambapolitica.com.mx\/index.php\/wp-json\/wp\/v2\/posts\/44215","targetHints":{"allow":["GET"]}}],"collection":[{"href":"https:\/\/bambapolitica.com.mx\/index.php\/wp-json\/wp\/v2\/posts"}],"about":[{"href":"https:\/\/bambapolitica.com.mx\/index.php\/wp-json\/wp\/v2\/types\/post"}],"author":[{"embeddable":true,"href":"https:\/\/bambapolitica.com.mx\/index.php\/wp-json\/wp\/v2\/users\/4"}],"replies":[{"embeddable":true,"href":"https:\/\/bambapolitica.com.mx\/index.php\/wp-json\/wp\/v2\/comments?post=44215"}],"version-history":[{"count":1,"href":"https:\/\/bambapolitica.com.mx\/index.php\/wp-json\/wp\/v2\/posts\/44215\/revisions"}],"predecessor-version":[{"id":44228,"href":"https:\/\/bambapolitica.com.mx\/index.php\/wp-json\/wp\/v2\/posts\/44215\/revisions\/44228"}],"wp:featuredmedia":[{"embeddable":true,"href":"https:\/\/bambapolitica.com.mx\/index.php\/wp-json\/wp\/v2\/media\/44227"}],"wp:attachment":[{"href":"https:\/\/bambapolitica.com.mx\/index.php\/wp-json\/wp\/v2\/media?parent=44215"}],"wp:term":[{"taxonomy":"category","embeddable":true,"href":"https:\/\/bambapolitica.com.mx\/index.php\/wp-json\/wp\/v2\/categories?post=44215"},{"taxonomy":"post_tag","embeddable":true,"href":"https:\/\/bambapolitica.com.mx\/index.php\/wp-json\/wp\/v2\/tags?post=44215"}],"curies":[{"name":"wp","href":"https:\/\/api.w.org\/{rel}","templated":true}]}}