{"id":44292,"date":"2022-04-02T13:43:56","date_gmt":"2022-04-02T19:43:56","guid":{"rendered":"http:\/\/bambapolitica.com.mx\/?p=44292"},"modified":"2022-04-02T13:43:59","modified_gmt":"2022-04-02T19:43:59","slug":"1-de-cada-400-mexiquenses-son-diagnosticados-con-autismo","status":"publish","type":"post","link":"https:\/\/bambapolitica.com.mx\/index.php\/2022\/04\/02\/1-de-cada-400-mexiquenses-son-diagnosticados-con-autismo\/","title":{"rendered":"1 de cada 400 mexiquenses son diagnosticados con autismo"},"content":{"rendered":"\n<p class=\"has-medium-font-size\">En el marco del D\u00eda Mundial de la Visibilizaci\u00f3n del Autismo, el Instituto Mexicano para la Atenci\u00f3n del Autismo y Des\u00f3rdenes del Desarrollo llev\u00f3 a cabo una marcha<\/p>\n\n\n\n<p class=\"has-medium-font-size\">Una de cada 400 personas est\u00e1 diagnosticada con el trastorno de autismo en el Estado de M\u00e9xico, es por ello que este viernes, familiares y amigos realizaron una marcha.<\/p>\n\n\n\n<p class=\"has-medium-font-size\">En el marco del D\u00eda Mundial de la Visibilizaci\u00f3n del Autismo, el Instituto Mexicano para la Atenci\u00f3n del Autismo y Des\u00f3rdenes del Desarrollo llev\u00f3 a cabo una marcha en la que no s\u00f3lo participaron quienes viven con el espectro sino tambi\u00e9n sus terapeutas, familiares y amigos.<\/p>\n\n\n\n<p class=\"has-medium-font-size\">La caminata parti\u00f3 del parque Le\u00f3n Guzm\u00e1n y lleg\u00f3 al Parque de la Ciencia Fundadores, en Toluca, entre burbujas, flores y porras.<\/p>\n\n\n\n<p>estadodemexico.jornada<\/p>\n","protected":false},"excerpt":{"rendered":"<p>En el marco del D\u00eda Mundial de la Visibilizaci\u00f3n del Autismo, el Instituto Mexicano para&#8230;<\/p>\n","protected":false},"author":4,"featured_media":44327,"comment_status":"closed","ping_status":"closed","sticky":false,"template":"","format":"standard","meta":{"footnotes":""},"categories":[4],"tags":[],"class_list":["post-44292","post","type-post","status-publish","format-standard","has-post-thumbnail","hentry","category-noticias-del-dia"],"_links":{"self":[{"href":"https:\/\/bambapolitica.com.mx\/index.php\/wp-json\/wp\/v2\/posts\/44292","targetHints":{"allow":["GET"]}}],"collection":[{"href":"https:\/\/bambapolitica.com.mx\/index.php\/wp-json\/wp\/v2\/posts"}],"about":[{"href":"https:\/\/bambapolitica.com.mx\/index.php\/wp-json\/wp\/v2\/types\/post"}],"author":[{"embeddable":true,"href":"https:\/\/bambapolitica.com.mx\/index.php\/wp-json\/wp\/v2\/users\/4"}],"replies":[{"embeddable":true,"href":"https:\/\/bambapolitica.com.mx\/index.php\/wp-json\/wp\/v2\/comments?post=44292"}],"version-history":[{"count":1,"href":"https:\/\/bambapolitica.com.mx\/index.php\/wp-json\/wp\/v2\/posts\/44292\/revisions"}],"predecessor-version":[{"id":44328,"href":"https:\/\/bambapolitica.com.mx\/index.php\/wp-json\/wp\/v2\/posts\/44292\/revisions\/44328"}],"wp:featuredmedia":[{"embeddable":true,"href":"https:\/\/bambapolitica.com.mx\/index.php\/wp-json\/wp\/v2\/media\/44327"}],"wp:attachment":[{"href":"https:\/\/bambapolitica.com.mx\/index.php\/wp-json\/wp\/v2\/media?parent=44292"}],"wp:term":[{"taxonomy":"category","embeddable":true,"href":"https:\/\/bambapolitica.com.mx\/index.php\/wp-json\/wp\/v2\/categories?post=44292"},{"taxonomy":"post_tag","embeddable":true,"href":"https:\/\/bambapolitica.com.mx\/index.php\/wp-json\/wp\/v2\/tags?post=44292"}],"curies":[{"name":"wp","href":"https:\/\/api.w.org\/{rel}","templated":true}]}}