{"id":44345,"date":"2022-04-04T06:22:02","date_gmt":"2022-04-04T12:22:02","guid":{"rendered":"http:\/\/bambapolitica.com.mx\/?p=44345"},"modified":"2022-04-04T06:22:03","modified_gmt":"2022-04-04T12:22:03","slug":"por-la-falta-de-mantenimiento-en-la-red-de-los-reyes-la-paz-no-llega-el-agua-a-los-hogares","status":"publish","type":"post","link":"https:\/\/bambapolitica.com.mx\/index.php\/2022\/04\/04\/por-la-falta-de-mantenimiento-en-la-red-de-los-reyes-la-paz-no-llega-el-agua-a-los-hogares\/","title":{"rendered":"Por la falta de mantenimiento en la red de los reyes la paz, no llega el agua a los hogares"},"content":{"rendered":"\n<p class=\"has-medium-font-size\">Los Reyes la Paz, M\u00e9x.<\/p>\n\n\n\n<p class=\"has-medium-font-size\">Al menos 4 mil familias de las colonias 20 de Mayo, Libertad y Tecomatl\u00e1n llevan m\u00e1s de 10 d\u00edas sin el vital l\u00edquido en sus tomas domiciliarias a consecuencia que el Organismo P\u00fablico Descentralizado de Agua Potable, Alcantarillado y Saneamiento (OPDAPAS) carece de recursos propios para reparar las fugas en la red distribuidora.<\/p>\n\n\n\n<div class=\"wp-block-image\"><figure class=\"aligncenter size-large\"><img loading=\"lazy\" decoding=\"async\" width=\"556\" height=\"424\" src=\"https:\/\/bambapolitica.com.mx\/wp-content\/uploads\/2022\/04\/22.png\" alt=\"\" class=\"wp-image-44366\" srcset=\"https:\/\/bambapolitica.com.mx\/wp-content\/uploads\/2022\/04\/22.png 556w, https:\/\/bambapolitica.com.mx\/wp-content\/uploads\/2022\/04\/22-300x229.png 300w, https:\/\/bambapolitica.com.mx\/wp-content\/uploads\/2022\/04\/22-191x146.png 191w, https:\/\/bambapolitica.com.mx\/wp-content\/uploads\/2022\/04\/22-50x38.png 50w, https:\/\/bambapolitica.com.mx\/wp-content\/uploads\/2022\/04\/22-98x75.png 98w\" sizes=\"auto, (max-width: 556px) 100vw, 556px\" \/><\/figure><\/div>\n\n\n\n<p class=\"has-medium-font-size\">Damaso Aguirre Ruiz, Alejandra Avalos Cruz, Mirian Rodr\u00edguez entre otros habitantes de la colonia 20 de Mayo denunciaron que llevan casi dos semanas sin recibir el agua potable debido a la ruptura del tubo de tres pulgadas localizado sobre la calle Manuel Ram\u00edrez y Petra Gonz\u00e1lez.<\/p>\n\n\n\n<p class=\"has-medium-font-size\">\u201cYa se hizo la denuncia ante los representantes del OPDAPAS y estos mencionan que carecen de recursos econ\u00f3micos y materiales para reparar dicho tramo en m\u00e1s de 2 metros que provoca la escasez del agua; as\u00ed mismo hay m\u00e1s fugas que no son reparadas y unas m\u00e1s que s\u00f3lo les ponen un \u00b4parche\u00b4\u201d, dijeron.<\/p>\n\n\n\n<div class=\"wp-block-image\"><figure class=\"aligncenter size-large\"><img loading=\"lazy\" decoding=\"async\" width=\"564\" height=\"523\" src=\"https:\/\/bambapolitica.com.mx\/wp-content\/uploads\/2022\/04\/44-1.png\" alt=\"\" class=\"wp-image-44365\" srcset=\"https:\/\/bambapolitica.com.mx\/wp-content\/uploads\/2022\/04\/44-1.png 564w, https:\/\/bambapolitica.com.mx\/wp-content\/uploads\/2022\/04\/44-1-300x278.png 300w, https:\/\/bambapolitica.com.mx\/wp-content\/uploads\/2022\/04\/44-1-157x146.png 157w, https:\/\/bambapolitica.com.mx\/wp-content\/uploads\/2022\/04\/44-1-50x46.png 50w, https:\/\/bambapolitica.com.mx\/wp-content\/uploads\/2022\/04\/44-1-81x75.png 81w\" sizes=\"auto, (max-width: 564px) 100vw, 564px\" \/><\/figure><\/div>\n\n\n\n<p class=\"has-medium-font-size\">Los declarantes se\u00f1alaron que este pasado fin de semana lleg\u00f3 un carro vactor para realizar la limpieza del tanque, sin tomar las medidas sanitarias metiendo la manguera con la que succionan las aguas negras de las fosas s\u00e9pticas al tanque de agua potable, por lo cual se corre el riego de una contaminaci\u00f3n del agua potable que llega al pozo de la colonia 20 de Mayo.<\/p>\n\n\n\n<p class=\"has-medium-font-size\">Las fugas de agua potable son notorias en la parte alta del municipio, sin embargo, el OPDAPAS se niega a realizar las reparaciones bajo el argumento de carecer de recursos y material, por lo cual el organismo sigue tandeando el agua por horas a los m\u00e1s de 30 mil habitantes de la zona cerril del municipio.<\/p>\n\n\n\n<p class=\"has-medium-font-size\">La presidenta municipal Cristina Gonz\u00e1lez lleva casi 100 d\u00edas de gobierno y a pesar de tener conocimiento de la carencia del vital l\u00edquido en esas colonias hace caso omiso a dar una respuesta favorable a los ciudadanos que piden les regularicen la dotaci\u00f3n de agua potable para consumo humano.<\/p>\n\n\n\n<p>reporterosenmovimiento.com<\/p>\n","protected":false},"excerpt":{"rendered":"<p>Los Reyes la Paz, M\u00e9x. Al menos 4 mil familias de las colonias 20 de&#8230;<\/p>\n","protected":false},"author":4,"featured_media":44363,"comment_status":"closed","ping_status":"closed","sticky":false,"template":"","format":"standard","meta":{"footnotes":""},"categories":[4],"tags":[],"class_list":["post-44345","post","type-post","status-publish","format-standard","has-post-thumbnail","hentry","category-noticias-del-dia"],"_links":{"self":[{"href":"https:\/\/bambapolitica.com.mx\/index.php\/wp-json\/wp\/v2\/posts\/44345","targetHints":{"allow":["GET"]}}],"collection":[{"href":"https:\/\/bambapolitica.com.mx\/index.php\/wp-json\/wp\/v2\/posts"}],"about":[{"href":"https:\/\/bambapolitica.com.mx\/index.php\/wp-json\/wp\/v2\/types\/post"}],"author":[{"embeddable":true,"href":"https:\/\/bambapolitica.com.mx\/index.php\/wp-json\/wp\/v2\/users\/4"}],"replies":[{"embeddable":true,"href":"https:\/\/bambapolitica.com.mx\/index.php\/wp-json\/wp\/v2\/comments?post=44345"}],"version-history":[{"count":1,"href":"https:\/\/bambapolitica.com.mx\/index.php\/wp-json\/wp\/v2\/posts\/44345\/revisions"}],"predecessor-version":[{"id":44367,"href":"https:\/\/bambapolitica.com.mx\/index.php\/wp-json\/wp\/v2\/posts\/44345\/revisions\/44367"}],"wp:featuredmedia":[{"embeddable":true,"href":"https:\/\/bambapolitica.com.mx\/index.php\/wp-json\/wp\/v2\/media\/44363"}],"wp:attachment":[{"href":"https:\/\/bambapolitica.com.mx\/index.php\/wp-json\/wp\/v2\/media?parent=44345"}],"wp:term":[{"taxonomy":"category","embeddable":true,"href":"https:\/\/bambapolitica.com.mx\/index.php\/wp-json\/wp\/v2\/categories?post=44345"},{"taxonomy":"post_tag","embeddable":true,"href":"https:\/\/bambapolitica.com.mx\/index.php\/wp-json\/wp\/v2\/tags?post=44345"}],"curies":[{"name":"wp","href":"https:\/\/api.w.org\/{rel}","templated":true}]}}