{"id":44585,"date":"2022-04-08T06:22:24","date_gmt":"2022-04-08T12:22:24","guid":{"rendered":"http:\/\/bambapolitica.com.mx\/?p=44585"},"modified":"2022-04-08T06:22:25","modified_gmt":"2022-04-08T12:22:25","slug":"pan-y-pri-piden-que-se-de-parte-a-fgr-contra-adan-augusto-lopez","status":"publish","type":"post","link":"https:\/\/bambapolitica.com.mx\/index.php\/2022\/04\/08\/pan-y-pri-piden-que-se-de-parte-a-fgr-contra-adan-augusto-lopez\/","title":{"rendered":"PAN y PRI piden que se d\u00e9 parte a FGR contra Ad\u00e1n Augusto L\u00f3pez"},"content":{"rendered":"\n<p class=\"has-medium-font-size\">Exigen que renuncie a la Segob por el uso de recursos p\u00fablicos para actos electorales.<\/p>\n\n\n\n<p class=\"has-medium-font-size\">En el Senado, las bancadas del PAN y PRI solicitaron al Instituto Nacional Electoral (INE) d\u00e9 parte a la Fiscal\u00eda General de la Rep\u00fablica (FGR) de las denuncias contra el secretario de Gobernaci\u00f3n, Ad\u00e1n Augusto L\u00f3pez, para que investigue y, en su caso, sancione por el desv\u00edo de recursos p\u00fablicos para fines privados y partidistas.<\/p>\n\n\n\n<p class=\"has-medium-font-size\">En sendos puntos de acuerdo inscritos en la Gaceta Parlamentaria, ambos grupos parlamentarios, que coordinan Julen Rementer\u00eda y Miguel \u00c1ngel Osorio Chong, condenaron la actuaci\u00f3n del funcionario porque contraviene la Constituci\u00f3n, lo cual modifica de manera sustancial y grave la equidad electoral.<\/p>\n\n\n\n<p class=\"has-medium-font-size\">Refirieron que, para promover la participaci\u00f3n ciudadana en la consulta de revocaci\u00f3n, el titular de la Segob, el comandante de la Guardia Nacional, general Luis Rodr\u00edguez Bucio, y el l\u00edder nacional de Morena, Mario Delgado, viajaron en un avi\u00f3n de la Guardia Nacional, matr\u00edcula XC-PFM, desde la Ciudad de M\u00e9xico a Torre\u00f3n, Coahuila y luego a Hermosillo, Sonora.<\/p>\n\n\n\n<p class=\"has-medium-font-size\">\u201cLa conducta de L\u00f3pez Hern\u00e1ndez es un retroceso para las instituciones, el avance democr\u00e1tico y la legalidad de este pa\u00eds\u201d, se afirma en el punto de acuerdo.<\/p>\n\n\n\n<p class=\"has-medium-font-size\">Los senadores panistas, por su parte, solicitan al secretario Ad\u00e1n Augusto L\u00f3pez que se separe de su cargo, en tanto se realizan las investigaciones referidas.<\/p>\n\n\n\n<p class=\"has-medium-font-size\">En tanto, los legisladores del tricolor exhortaron al titular de la Guardia Nacional a evitar el uso il\u00edcito de recursos p\u00fablicos para fomentar eventos partidistas.<\/p>\n\n\n\n<p class=\"has-medium-font-size\"><strong>Queja contra Sheinbaum<\/strong><\/p>\n\n\n\n<p class=\"has-medium-font-size\">El PAN, a trav\u00e9s de su representaci\u00f3n ante el Consejo General del INE, present\u00f3 una nueva queja contra de la jefa de Gobierno de la capital, Claudia Sheinbaum, por su participaci\u00f3n en horario laboral en un mitin pol\u00edtico en el que se manifest\u00f3 sobre el tema de la revocaci\u00f3n de mandato, lo cual tiene prohibido terminantemente por la ley.<\/p>\n\n\n\n<p class=\"has-medium-font-size\">El partido que dirige Marko Cort\u00e9s conden\u00f3 este tipo de actos que, se asever\u00f3 mediante un comunicado, pretenden restaurar en M\u00e9xico la \u201coprobiosa y vergonzante\u201d fusi\u00f3n del gobierno y su partido en esta nueva versi\u00f3n del partido de Estado.<\/p>\n\n\n\n<p class=\"has-medium-font-size\">\u201cA la jefa de Gobierno, funcionarios p\u00fablicos que asistieron y miembros del partido Morena violar la ley premeditadamente no les causa prejuicio \u00e9tico alguno. Una vez m\u00e1s act\u00faan como una pandilla electoral organizada\u201d, se acus\u00f3.<\/p>\n\n\n\n<p>elfinanciero<\/p>\n","protected":false},"excerpt":{"rendered":"<p>Exigen que renuncie a la Segob por el uso de recursos p\u00fablicos para actos electorales&#8230;.<\/p>\n","protected":false},"author":4,"featured_media":44600,"comment_status":"closed","ping_status":"closed","sticky":false,"template":"","format":"standard","meta":{"footnotes":""},"categories":[4],"tags":[],"class_list":["post-44585","post","type-post","status-publish","format-standard","has-post-thumbnail","hentry","category-noticias-del-dia"],"_links":{"self":[{"href":"https:\/\/bambapolitica.com.mx\/index.php\/wp-json\/wp\/v2\/posts\/44585","targetHints":{"allow":["GET"]}}],"collection":[{"href":"https:\/\/bambapolitica.com.mx\/index.php\/wp-json\/wp\/v2\/posts"}],"about":[{"href":"https:\/\/bambapolitica.com.mx\/index.php\/wp-json\/wp\/v2\/types\/post"}],"author":[{"embeddable":true,"href":"https:\/\/bambapolitica.com.mx\/index.php\/wp-json\/wp\/v2\/users\/4"}],"replies":[{"embeddable":true,"href":"https:\/\/bambapolitica.com.mx\/index.php\/wp-json\/wp\/v2\/comments?post=44585"}],"version-history":[{"count":1,"href":"https:\/\/bambapolitica.com.mx\/index.php\/wp-json\/wp\/v2\/posts\/44585\/revisions"}],"predecessor-version":[{"id":44601,"href":"https:\/\/bambapolitica.com.mx\/index.php\/wp-json\/wp\/v2\/posts\/44585\/revisions\/44601"}],"wp:featuredmedia":[{"embeddable":true,"href":"https:\/\/bambapolitica.com.mx\/index.php\/wp-json\/wp\/v2\/media\/44600"}],"wp:attachment":[{"href":"https:\/\/bambapolitica.com.mx\/index.php\/wp-json\/wp\/v2\/media?parent=44585"}],"wp:term":[{"taxonomy":"category","embeddable":true,"href":"https:\/\/bambapolitica.com.mx\/index.php\/wp-json\/wp\/v2\/categories?post=44585"},{"taxonomy":"post_tag","embeddable":true,"href":"https:\/\/bambapolitica.com.mx\/index.php\/wp-json\/wp\/v2\/tags?post=44585"}],"curies":[{"name":"wp","href":"https:\/\/api.w.org\/{rel}","templated":true}]}}