{"id":44640,"date":"2022-04-09T09:58:42","date_gmt":"2022-04-09T15:58:42","guid":{"rendered":"http:\/\/bambapolitica.com.mx\/?p=44640"},"modified":"2022-04-09T09:58:48","modified_gmt":"2022-04-09T15:58:48","slug":"municipio-oaxaqueno-declara-la-guerra-al-estado-mexicano","status":"publish","type":"post","link":"https:\/\/bambapolitica.com.mx\/index.php\/2022\/04\/09\/municipio-oaxaqueno-declara-la-guerra-al-estado-mexicano\/","title":{"rendered":"Municipio oaxaque\u00f1o declara la &#8216;guerra&#8217; al Estado mexicano"},"content":{"rendered":"\n<p class=\"has-medium-font-size\">Los pobladores se nombraron municipio aut\u00f3nomo y anunciaron la desaparici\u00f3n de las polic\u00edas municipales, estatales y federales, y la creaci\u00f3n de autodefensas para defender al pueblo<\/p>\n\n\n\n<p class=\"has-medium-font-size\">Todas las entradas 09 de abril de 2022<\/p>\n\n\n\n<p class=\"has-medium-font-size\">Pobladores de San Crist\u00f3bal Amatl\u00e1n declararon la guerra contra el Estado mexicano y se nombraron municipio aut\u00f3nomo al anunciar la desaparici\u00f3n de los polic\u00edas municipales, estatales y federales en esta localidad.<\/p>\n\n\n\n<p class=\"has-medium-font-size\">A trav\u00e9s de un mensaje y video difundido en redes sociales, dieron a conocer que hab\u00edan nombrado autodefensas no para agredir, pero s\u00ed para defender a este pueblo.<\/p>\n\n\n\n<p class=\"has-medium-font-size\">Ante la llegada de la Guardia Nacional de la cual dijeron estar hartos y desarmaron, evidenciaron que llevaban meses sin gobierno, por lo que ning\u00fan otro gobierno m\u00e1s los llegar\u00eda a intimidar ya que estaban hartos de la represi\u00f3n del gobierno federal.<\/p>\n\n\n\n<p class=\"has-medium-font-size\">Los inconformes, exhortaron al Instituto Nacional de los Pueblos Ind\u00edgenas a que cumpla con lo que ha predicado.<\/p>\n\n\n\n<p class=\"has-medium-font-size\">Sostuvieron que como pueblo originario, y siguiendo las palabras del presidente Andr\u00e9s Manuel L\u00f3pez Obrador de que el pueblo pone y el pueblo quita, hab\u00edan tomado esta decisi\u00f3n, ya que estaban hartos de ser reprimidos.<\/p>\n\n\n\n<p class=\"has-medium-font-size\">Los pobladores, extendieron un llamado en\u00e9rgico a la Comisi\u00f3n de Derechos Humanos y a la Secretar\u00eda de Gobernaci\u00f3n, al sostener que no quer\u00edan nada con el gobierno del Estado en tanto no se haga presente el comisionado de la Secretar\u00eda de Gobernaci\u00f3n.<\/p>\n\n\n\n<figure class=\"wp-block-gallery aligncenter columns-1 is-cropped wp-block-gallery-1 is-layout-flex wp-block-gallery-is-layout-flex\"><ul class=\"blocks-gallery-grid\"><li class=\"blocks-gallery-item\"><figure><img loading=\"lazy\" decoding=\"async\" width=\"720\" height=\"540\" src=\"https:\/\/bambapolitica.com.mx\/wp-content\/uploads\/2022\/04\/WhatsApp-Image-2022-04-09-at-10.34.43-AM-3-1.jpeg\" alt=\"\" data-id=\"44655\" data-full-url=\"https:\/\/bambapolitica.com.mx\/wp-content\/uploads\/2022\/04\/WhatsApp-Image-2022-04-09-at-10.34.43-AM-3-1.jpeg\" data-link=\"https:\/\/bambapolitica.com.mx\/?attachment_id=44655\" class=\"wp-image-44655\" srcset=\"https:\/\/bambapolitica.com.mx\/wp-content\/uploads\/2022\/04\/WhatsApp-Image-2022-04-09-at-10.34.43-AM-3-1.jpeg 720w, https:\/\/bambapolitica.com.mx\/wp-content\/uploads\/2022\/04\/WhatsApp-Image-2022-04-09-at-10.34.43-AM-3-1-300x225.jpeg 300w, https:\/\/bambapolitica.com.mx\/wp-content\/uploads\/2022\/04\/WhatsApp-Image-2022-04-09-at-10.34.43-AM-3-1-195x146.jpeg 195w, https:\/\/bambapolitica.com.mx\/wp-content\/uploads\/2022\/04\/WhatsApp-Image-2022-04-09-at-10.34.43-AM-3-1-50x38.jpeg 50w, https:\/\/bambapolitica.com.mx\/wp-content\/uploads\/2022\/04\/WhatsApp-Image-2022-04-09-at-10.34.43-AM-3-1-100x75.jpeg 100w\" sizes=\"auto, (max-width: 720px) 100vw, 720px\" \/><\/figure><\/li><li class=\"blocks-gallery-item\"><figure><img loading=\"lazy\" decoding=\"async\" width=\"720\" height=\"540\" src=\"https:\/\/bambapolitica.com.mx\/wp-content\/uploads\/2022\/04\/WhatsApp-Image-2022-04-09-at-10.34.43-AM-2-1.jpeg\" alt=\"\" data-id=\"44657\" data-full-url=\"https:\/\/bambapolitica.com.mx\/wp-content\/uploads\/2022\/04\/WhatsApp-Image-2022-04-09-at-10.34.43-AM-2-1.jpeg\" data-link=\"https:\/\/bambapolitica.com.mx\/?attachment_id=44657\" class=\"wp-image-44657\" srcset=\"https:\/\/bambapolitica.com.mx\/wp-content\/uploads\/2022\/04\/WhatsApp-Image-2022-04-09-at-10.34.43-AM-2-1.jpeg 720w, https:\/\/bambapolitica.com.mx\/wp-content\/uploads\/2022\/04\/WhatsApp-Image-2022-04-09-at-10.34.43-AM-2-1-300x225.jpeg 300w, https:\/\/bambapolitica.com.mx\/wp-content\/uploads\/2022\/04\/WhatsApp-Image-2022-04-09-at-10.34.43-AM-2-1-195x146.jpeg 195w, https:\/\/bambapolitica.com.mx\/wp-content\/uploads\/2022\/04\/WhatsApp-Image-2022-04-09-at-10.34.43-AM-2-1-50x38.jpeg 50w, https:\/\/bambapolitica.com.mx\/wp-content\/uploads\/2022\/04\/WhatsApp-Image-2022-04-09-at-10.34.43-AM-2-1-100x75.jpeg 100w\" sizes=\"auto, (max-width: 720px) 100vw, 720px\" \/><\/figure><\/li><li class=\"blocks-gallery-item\"><figure><img loading=\"lazy\" decoding=\"async\" width=\"720\" height=\"540\" src=\"https:\/\/bambapolitica.com.mx\/wp-content\/uploads\/2022\/04\/WhatsApp-Image-2022-04-09-at-10.34.43-AM-1-1.jpeg\" alt=\"\" data-id=\"44659\" data-full-url=\"https:\/\/bambapolitica.com.mx\/wp-content\/uploads\/2022\/04\/WhatsApp-Image-2022-04-09-at-10.34.43-AM-1-1.jpeg\" data-link=\"https:\/\/bambapolitica.com.mx\/?attachment_id=44659\" class=\"wp-image-44659\" srcset=\"https:\/\/bambapolitica.com.mx\/wp-content\/uploads\/2022\/04\/WhatsApp-Image-2022-04-09-at-10.34.43-AM-1-1.jpeg 720w, https:\/\/bambapolitica.com.mx\/wp-content\/uploads\/2022\/04\/WhatsApp-Image-2022-04-09-at-10.34.43-AM-1-1-300x225.jpeg 300w, https:\/\/bambapolitica.com.mx\/wp-content\/uploads\/2022\/04\/WhatsApp-Image-2022-04-09-at-10.34.43-AM-1-1-195x146.jpeg 195w, https:\/\/bambapolitica.com.mx\/wp-content\/uploads\/2022\/04\/WhatsApp-Image-2022-04-09-at-10.34.43-AM-1-1-50x38.jpeg 50w, https:\/\/bambapolitica.com.mx\/wp-content\/uploads\/2022\/04\/WhatsApp-Image-2022-04-09-at-10.34.43-AM-1-1-100x75.jpeg 100w\" sizes=\"auto, (max-width: 720px) 100vw, 720px\" \/><\/figure><\/li><\/ul><\/figure>\n","protected":false},"excerpt":{"rendered":"<p>Los pobladores se nombraron municipio aut\u00f3nomo y anunciaron la desaparici\u00f3n de las polic\u00edas municipales, estatales&#8230;<\/p>\n","protected":false},"author":4,"featured_media":44653,"comment_status":"closed","ping_status":"closed","sticky":false,"template":"","format":"standard","meta":{"footnotes":""},"categories":[4],"tags":[],"class_list":["post-44640","post","type-post","status-publish","format-standard","has-post-thumbnail","hentry","category-noticias-del-dia"],"_links":{"self":[{"href":"https:\/\/bambapolitica.com.mx\/index.php\/wp-json\/wp\/v2\/posts\/44640","targetHints":{"allow":["GET"]}}],"collection":[{"href":"https:\/\/bambapolitica.com.mx\/index.php\/wp-json\/wp\/v2\/posts"}],"about":[{"href":"https:\/\/bambapolitica.com.mx\/index.php\/wp-json\/wp\/v2\/types\/post"}],"author":[{"embeddable":true,"href":"https:\/\/bambapolitica.com.mx\/index.php\/wp-json\/wp\/v2\/users\/4"}],"replies":[{"embeddable":true,"href":"https:\/\/bambapolitica.com.mx\/index.php\/wp-json\/wp\/v2\/comments?post=44640"}],"version-history":[{"count":1,"href":"https:\/\/bambapolitica.com.mx\/index.php\/wp-json\/wp\/v2\/posts\/44640\/revisions"}],"predecessor-version":[{"id":44660,"href":"https:\/\/bambapolitica.com.mx\/index.php\/wp-json\/wp\/v2\/posts\/44640\/revisions\/44660"}],"wp:featuredmedia":[{"embeddable":true,"href":"https:\/\/bambapolitica.com.mx\/index.php\/wp-json\/wp\/v2\/media\/44653"}],"wp:attachment":[{"href":"https:\/\/bambapolitica.com.mx\/index.php\/wp-json\/wp\/v2\/media?parent=44640"}],"wp:term":[{"taxonomy":"category","embeddable":true,"href":"https:\/\/bambapolitica.com.mx\/index.php\/wp-json\/wp\/v2\/categories?post=44640"},{"taxonomy":"post_tag","embeddable":true,"href":"https:\/\/bambapolitica.com.mx\/index.php\/wp-json\/wp\/v2\/tags?post=44640"}],"curies":[{"name":"wp","href":"https:\/\/api.w.org\/{rel}","templated":true}]}}