{"id":44754,"date":"2022-04-11T10:33:33","date_gmt":"2022-04-11T16:33:33","guid":{"rendered":"http:\/\/bambapolitica.com.mx\/?p=44754"},"modified":"2022-04-11T10:33:39","modified_gmt":"2022-04-11T16:33:39","slug":"dualidad-en-semana-santa","status":"publish","type":"post","link":"https:\/\/bambapolitica.com.mx\/index.php\/2022\/04\/11\/dualidad-en-semana-santa\/","title":{"rendered":"Dualidad en Semana Santa"},"content":{"rendered":"\n<p class=\"has-medium-font-size\">El Grupo Semana Santa participa en la tradici\u00f3n religiosa de la comunidad ubicada en la capital mexiquense<\/p>\n\n\n\n<p class=\"has-medium-font-size\">Por un lado, en Semana Santa est\u00e1 el amor, el sacrificio, la pasi\u00f3n y la resurrecci\u00f3n, por el otro el pecado, la envidia, la traici\u00f3n, la muerte; todo ello representado en dos de los personajes b\u00edblicos m\u00e1s contrastantes: Jesucristo y Judas Iscariote, que ser\u00e1n personificados por Juan Luis Garc\u00eda Dom\u00ednguez y Erik Trejo, durante la representaci\u00f3n que desde hace 45 a\u00f1os se lleva a cabo en la comunidad de San Mateo Oxtotitl\u00e1n, en Toluca, para recordar la Pasi\u00f3n y Muerte de Cristo.<\/p>\n\n\n\n<p class=\"has-medium-font-size\">Su misi\u00f3n, no solo es preservar una tradici\u00f3n que ha ido de generaci\u00f3n en generaci\u00f3n en el pueblo, sino tambi\u00e9n fomentar los valores, en una sociedad que dicen, \u201cnecesita renovar su coraz\u00f3n\u201d.<\/p>\n\n\n\n<p class=\"has-medium-font-size\">Sobre todo en estos tiempos en el pa\u00eds donde, de acuerdo con cifras oficiales, diariamente ocurren un promedio de 66 homicidios dolosos y 11 mujeres son asesinadas, m\u00e1s madres buscan a sus hijos desaparecidos y los j\u00f3venes luchan contra las adicciones.<\/p>\n\n\n\n<div class=\"wp-block-image\"><figure class=\"aligncenter size-large\"><img loading=\"lazy\" decoding=\"async\" width=\"715\" height=\"953\" src=\"https:\/\/bambapolitica.com.mx\/wp-content\/uploads\/2022\/04\/Semana-santa-1-1.jpeg\" alt=\"\" class=\"wp-image-44757\" srcset=\"https:\/\/bambapolitica.com.mx\/wp-content\/uploads\/2022\/04\/Semana-santa-1-1.jpeg 715w, https:\/\/bambapolitica.com.mx\/wp-content\/uploads\/2022\/04\/Semana-santa-1-1-225x300.jpeg 225w, https:\/\/bambapolitica.com.mx\/wp-content\/uploads\/2022\/04\/Semana-santa-1-1-110x146.jpeg 110w, https:\/\/bambapolitica.com.mx\/wp-content\/uploads\/2022\/04\/Semana-santa-1-1-38x50.jpeg 38w, https:\/\/bambapolitica.com.mx\/wp-content\/uploads\/2022\/04\/Semana-santa-1-1-56x75.jpeg 56w\" sizes=\"auto, (max-width: 715px) 100vw, 715px\" \/><\/figure><\/div>\n\n\n\n<p class=\"has-medium-font-size\">\u201cNos debe de dejar un mensaje de conversi\u00f3n. Existen todos estos vicios, todos estos problemas, pero la gente es susceptible al cambio y mediante esta representaci\u00f3n lo que queremos decirle es que es una \u00e9poca de conversi\u00f3n, que cambien esa mentalidad y se unan m\u00e1s a la Iglesia o a sus familias\u201d, expres\u00f3 Garc\u00eda Dominguez.<\/p>\n\n\n\n<p class=\"has-medium-font-size\">El hombre tiene 36 a\u00f1os, es toluque\u00f1o de nacimiento y contador de profesi\u00f3n, y \u00e9sta ser\u00e1 la segunda ocasi\u00f3n que asumir\u00e1 el papel protag\u00f3nico de la representaci\u00f3n.<\/p>\n\n\n\n<p class=\"has-medium-font-size\">\u201cLo que se debe de aprender de \u00e9l es la obediencia al padre. \u00c9l ya sab\u00eda todo lo que iba a pasar, pero siempre estuvo obediente para cumplir lo que su padre dec\u00eda, ese es su principal mensaje\u201d, dijo.<\/p>\n\n\n\n<p class=\"has-medium-font-size\"><strong>Nuestra propia cruz<\/strong><\/p>\n\n\n\n<p class=\"has-medium-font-size\">Juan Luis tuvo que esperar 10 a\u00f1os para conseguir el papel principal de la representaci\u00f3n que cada a\u00f1o realiza el Grupo Semana Santa de San Mateo Oxtotitl\u00e1n.<\/p>\n\n\n\n<p class=\"has-medium-font-size\">\u00bfCu\u00e1nto pesa la cruz que vas a cargar?<\/p>\n\n\n\n<p class=\"has-medium-font-size\">\u201c120 kilogramos\u201d.<\/p>\n\n\n\n<p class=\"has-medium-font-size\">\u00bfY la cruz que no se ve?<\/p>\n\n\n\n<p class=\"has-medium-font-size\">\u201cYo creo que pesa lo doble, porque sobre el libreto de Cristo recae todo, porque la comunidad est\u00e1 sobre de t\u00ed y entonces es un peso tremendo. Pero con ayuda de los compa\u00f1eros y amigos se va aligerando\u201d, dijo.<\/p>\n\n\n\n<p class=\"has-medium-font-size\">TE SUGERIMOS: Arrancan festividades de Semana Santa en el Edomex<\/p>\n\n\n\n<p class=\"has-medium-font-size\">A\u00f1os atr\u00e1s hab\u00eda representado a un ap\u00f3stol, a El Cirineo -el hombre que le ayuda a cargar la cruz a Jes\u00fas- y a Nicodemo.<\/p>\n\n\n\n<p class=\"has-medium-font-size\">\u201cHabl\u00e9 con el comit\u00e9, entre ellos platicaron, hicieron la selecci\u00f3n entre varios compa\u00f1eros y es como decidieron que yo vaya\u201d, record\u00f3.<\/p>\n\n\n\n<p class=\"has-medium-font-size\">Hab\u00eda prometido seguir en el Grupo Semana Santa hasta los 33 a\u00f1os por la salud de una familiar. \u00c9ste es el \u00faltimo a\u00f1o que personificar\u00e1 a Cristo, una experiencia que dice, le ha dejado un gran aprendizaje.<\/p>\n\n\n\n<p class=\"has-medium-font-size\">\u201cEsto es un cambio de persona, porque cambias tu forma de ser, tus pensamientos y en ocasiones los complejos\u201d, se\u00f1al\u00f3.<\/p>\n\n\n\n<p class=\"has-medium-font-size\">Desde enero comenz\u00f3 a prepararse f\u00edsica y espiritualmente \u201cempezamos a correr, a trabajar en la memorizaci\u00f3n, a aprender todos los di\u00e1logos para salir adelante, y previo a Semana Santa trabajamos en lo espiritual, en las lecturas de la Biblia, en estar m\u00e1s tranquilos para no sentir tanta angustia y cansancio, que sabemos va a pasar, pero hay que seguir adelante\u201d.<\/p>\n\n\n\n<p class=\"has-medium-font-size\"><strong>\u201cTodos tenemos a Judas presente\u201d<\/strong><\/p>\n\n\n\n<p class=\"has-medium-font-size\">Erik Trejo tiene 25 a\u00f1os, es licenciado en inform\u00e1tica, supervisor en una empresa y ahora ser\u00e1 Judas Iscariote.<\/p>\n\n\n\n<p class=\"has-medium-font-size\">Para \u00e9l, cada persona que apareci\u00f3 en la vida de Jes\u00fas fue para dejar una huella, y por lo tanto, Judas tambi\u00e9n fue enviado por Dios con un prop\u00f3sito.<\/p>\n\n\n\n<p class=\"has-medium-font-size\">\u201c\u00c9l tambi\u00e9n vino a cumplir una misi\u00f3n. Yo no creo que \u00e9l lo hiciera solo por impulso, creo que todo conlleva un camino y el camino es Dios, que nosotros no llegamos a comprender y quiz\u00e1s Judas tampoco lleg\u00f3 a comprender qu\u00e9 es lo que estaba haciendo\u201d, opin\u00f3.<\/p>\n\n\n\n<p class=\"has-medium-font-size\">Desde su ni\u00f1ez, Trejo, comenz\u00f3 a participar en la representaci\u00f3n de San Mateo Oxtotitl\u00e1n, actuando como \u00e1ngel, ni\u00f1o invidente y soldado, y desde entonces han pasado 13 a\u00f1os.<\/p>\n\n\n\n<p class=\"has-medium-font-size\">\u00c9sta ser\u00e1 la segunda ocasi\u00f3n que encarnar\u00e1 a Judas Iscariote, un papel que no se esperaba.<\/p>\n\n\n\n<p class=\"has-medium-font-size\">\u201cEn una junta me dijeron: \u2018sabes qu\u00e9, el \u00fanico di\u00e1logo que hay para ti es el de Judas\u2019. La verdad, s\u00ed sent\u00ed emoci\u00f3n\u201d, relat\u00f3.<\/p>\n\n\n\n<p class=\"has-medium-font-size\">Trejo dice que el papel lleg\u00f3 a \u00e9l para transformarlo, pues en ese entonces atravesaba por tiempos dif\u00edciles y despu\u00e9s de que se inclin\u00f3 a la oraci\u00f3n logr\u00f3 encontrar el camino y terminar una carrera universitaria.<\/p>\n\n\n\n<div class=\"wp-block-image\"><figure class=\"aligncenter size-large\"><img loading=\"lazy\" decoding=\"async\" width=\"1024\" height=\"683\" src=\"https:\/\/bambapolitica.com.mx\/wp-content\/uploads\/2022\/04\/IMG_9495-1140x760-2-1024x683.jpg\" alt=\"\" class=\"wp-image-44759\" srcset=\"https:\/\/bambapolitica.com.mx\/wp-content\/uploads\/2022\/04\/IMG_9495-1140x760-2-1024x683.jpg 1024w, https:\/\/bambapolitica.com.mx\/wp-content\/uploads\/2022\/04\/IMG_9495-1140x760-2-300x200.jpg 300w, https:\/\/bambapolitica.com.mx\/wp-content\/uploads\/2022\/04\/IMG_9495-1140x760-2-768x512.jpg 768w, https:\/\/bambapolitica.com.mx\/wp-content\/uploads\/2022\/04\/IMG_9495-1140x760-2-219x146.jpg 219w, https:\/\/bambapolitica.com.mx\/wp-content\/uploads\/2022\/04\/IMG_9495-1140x760-2-50x33.jpg 50w, https:\/\/bambapolitica.com.mx\/wp-content\/uploads\/2022\/04\/IMG_9495-1140x760-2-113x75.jpg 113w, https:\/\/bambapolitica.com.mx\/wp-content\/uploads\/2022\/04\/IMG_9495-1140x760-2.jpg 1140w\" sizes=\"auto, (max-width: 1024px) 100vw, 1024px\" \/><\/figure><\/div>\n\n\n\n<p class=\"has-medium-font-size\">\u201cNo es un papel que haya elegido pero comprendo que si Dios nos pone algo en el camino es para que aprendamos de eso que nos ha puesto. Es uno de los di\u00e1logos m\u00e1s fuertes en la representaci\u00f3n, pero yo lo recib\u00ed con mucha humildad y muchas ganas de querer aprender\u201d, platic\u00f3.<\/p>\n\n\n\n<p class=\"has-medium-font-size\">A su parecer, la ense\u00f1anza que deja este personaje b\u00edblico es no dejarse llevar por el instinto carnal, pues hay muchas cosas que generan disturbios internos y no permiten que las personas se concentren en lo que de verdad quieren y que les hacen bien.<\/p>\n\n\n\n<p class=\"has-medium-font-size\">\u201cMi prop\u00f3sito era muy ambicioso: querer dejar mi nombre escrito, querer que las dem\u00e1s personas sepan qui\u00e9n fu\u00ed, pero conforme pasa el tiempo descubres que los actos que se hacen con discreci\u00f3n son los que m\u00e1s fortalecen\u201d, a\u00f1adi\u00f3.<\/p>\n\n\n\n<div class=\"wp-block-image\"><figure class=\"aligncenter size-large\"><img loading=\"lazy\" decoding=\"async\" width=\"1024\" height=\"683\" src=\"https:\/\/bambapolitica.com.mx\/wp-content\/uploads\/2022\/04\/IMG_9497-1140x760-2-1024x683.jpg\" alt=\"\" class=\"wp-image-44761\" srcset=\"https:\/\/bambapolitica.com.mx\/wp-content\/uploads\/2022\/04\/IMG_9497-1140x760-2-1024x683.jpg 1024w, https:\/\/bambapolitica.com.mx\/wp-content\/uploads\/2022\/04\/IMG_9497-1140x760-2-300x200.jpg 300w, https:\/\/bambapolitica.com.mx\/wp-content\/uploads\/2022\/04\/IMG_9497-1140x760-2-768x512.jpg 768w, https:\/\/bambapolitica.com.mx\/wp-content\/uploads\/2022\/04\/IMG_9497-1140x760-2-219x146.jpg 219w, https:\/\/bambapolitica.com.mx\/wp-content\/uploads\/2022\/04\/IMG_9497-1140x760-2-50x33.jpg 50w, https:\/\/bambapolitica.com.mx\/wp-content\/uploads\/2022\/04\/IMG_9497-1140x760-2-113x75.jpg 113w, https:\/\/bambapolitica.com.mx\/wp-content\/uploads\/2022\/04\/IMG_9497-1140x760-2.jpg 1140w\" sizes=\"auto, (max-width: 1024px) 100vw, 1024px\" \/><\/figure><\/div>\n\n\n\n<p class=\"has-medium-font-size\">Consider\u00f3 que a veces todos tenemos a Judas presente, porque hay muchas cosas que son distractores, y seguimos repiti\u00e9ndolas\u201d.<\/p>\n\n\n\n<p class=\"has-medium-font-size\">Erik sabe que en los pr\u00f3ximos d\u00edas tendr\u00e1 que cumplir una misi\u00f3n complicada, y por ello trata de estar lo m\u00e1s concentrado y preparado posible.<\/p>\n\n\n\n<p class=\"has-medium-font-size\">\u201cHay escenas muy fuertes, cuando vamos a la aprehensi\u00f3n yo ya voy sudando, tembloroso, es un c\u00famulo de emociones que tienes, sientes miedo, desesperaci\u00f3n, es lo que siento\u201d, coment\u00f3.<\/p>\n\n\n\n<p class=\"has-medium-font-size\">El joven pidi\u00f3 a los asistentes tomar con seriedad esta representaci\u00f3n y aprovechar para reflexionar y renovar su coraz\u00f3n.<\/p>\n\n\n\n<p class=\"has-medium-font-size\">\u201cA veces se toma como una actuaci\u00f3n, se termina la Semana Santa y vuelve lo cotidiano y, qu\u00e9 es lo cotidiano, volvemos a hacer las cosas que nos afectan. Veo a personas menores que yo y ya con vicios\u201d, finaliz\u00f3.<\/p>\n\n\n\n<p class=\"has-medium-font-size\"><strong>Grandes ense\u00f1anzas tras Covid-19<\/strong><\/p>\n\n\n\n<p class=\"has-medium-font-size\">La representaci\u00f3n de la Pasi\u00f3n y Muerte de Jes\u00fas se llevar\u00e1 a cabo en San Mateo Oxtotitl\u00e1n, tras dos a\u00f1os de haber sido suspendida, debido a la contingencia sanitaria por el Covid-19.<\/p>\n\n\n\n<p class=\"has-medium-font-size\">\u201cEs un momento para que reflexionemos, despu\u00e9s de dos a\u00f1os de grandes p\u00e9rdidas en muchos aspectos y que sigamos encomendandonos mucho a Dios\u201d, se\u00f1al\u00f3 Jos\u00e9 Antonio Bernal S\u00e1nchez, presidente del Grupo Semana Santa.<\/p>\n\n\n\n<p class=\"has-medium-font-size\">Refiri\u00f3 que este a\u00f1o, 150 personas, en su mayor\u00eda vecinos de la comunidad, \u201cdar\u00e1n vida\u201d a varios personajes b\u00edblicos y se espera una afluencia de entre 15 mil y 18 mil visitantes.<\/p>\n\n\n\n<p class=\"has-medium-font-size\">En esta ocasi\u00f3n se llevar\u00e1 a cabo un homenaje a todos los integrantes del grupo que perdieron la vida, entre ellos Diego Bernal, uno de los fundadores de Grupo Semana Santa, quien durante a\u00f1os personific\u00f3 a Poncio Pilato.<\/p>\n\n\n\n<p class=\"has-medium-font-size\">\u201cEra un icono del grupo y de la comunidad. Deja un gran vac\u00edo en la representaci\u00f3n, pero vamos a echarle muchas ganas\u201d, dijo Bernal, a quien se le encomend\u00f3 el di\u00e1logo este a\u00f1o.<\/p>\n\n\n\n<p class=\"has-medium-font-size\">\u201cNos tenemos que preparar mucho en el personaje, estudiar y aprender qui\u00e9n era Pilato, qui\u00e9n fue, qu\u00e9 hizo y por qu\u00e9 tuvo mucho que ver en la muerte de Jes\u00fas. No quisiera ser como \u00e9l en la vida real, porque es una persona ego\u00edsta, que se preocupaba m\u00e1s por \u00e9l que por la dem\u00e1s gente\u201d, platic\u00f3<\/p>\n\n\n\n<p class=\"has-medium-font-size\">La representaci\u00f3n inicia el pr\u00f3ximo jueves 14 de abril, en las inmediaciones de la parroquia, a partir de las 8:30 de la noche. La entrada es gratuita, y se implementar\u00e1n medidas sanitarias como sanitizaci\u00f3n y uso de cubrebocas obligatorio.<\/p>\n\n\n\n<p class=\"has-medium-font-size\">\u201cHay que asimilar un poco la situaci\u00f3n por la que acabamos de pasar. No es una fiesta, es un encuentro con Jes\u00fas, una preparaci\u00f3n del esp\u00edritu, no es para venir a hacer fiesta, venir a convivir, sino para acercarnos m\u00e1s a Dios\u201d, expres\u00f3.<\/p>\n\n\n\n<p>lajornadaestadodemexico<\/p>\n","protected":false},"excerpt":{"rendered":"<p>El Grupo Semana Santa participa en la tradici\u00f3n religiosa de la comunidad ubicada en la&#8230;<\/p>\n","protected":false},"author":4,"featured_media":44755,"comment_status":"closed","ping_status":"closed","sticky":false,"template":"","format":"standard","meta":{"footnotes":""},"categories":[4],"tags":[],"class_list":["post-44754","post","type-post","status-publish","format-standard","has-post-thumbnail","hentry","category-noticias-del-dia"],"_links":{"self":[{"href":"https:\/\/bambapolitica.com.mx\/index.php\/wp-json\/wp\/v2\/posts\/44754","targetHints":{"allow":["GET"]}}],"collection":[{"href":"https:\/\/bambapolitica.com.mx\/index.php\/wp-json\/wp\/v2\/posts"}],"about":[{"href":"https:\/\/bambapolitica.com.mx\/index.php\/wp-json\/wp\/v2\/types\/post"}],"author":[{"embeddable":true,"href":"https:\/\/bambapolitica.com.mx\/index.php\/wp-json\/wp\/v2\/users\/4"}],"replies":[{"embeddable":true,"href":"https:\/\/bambapolitica.com.mx\/index.php\/wp-json\/wp\/v2\/comments?post=44754"}],"version-history":[{"count":1,"href":"https:\/\/bambapolitica.com.mx\/index.php\/wp-json\/wp\/v2\/posts\/44754\/revisions"}],"predecessor-version":[{"id":44762,"href":"https:\/\/bambapolitica.com.mx\/index.php\/wp-json\/wp\/v2\/posts\/44754\/revisions\/44762"}],"wp:featuredmedia":[{"embeddable":true,"href":"https:\/\/bambapolitica.com.mx\/index.php\/wp-json\/wp\/v2\/media\/44755"}],"wp:attachment":[{"href":"https:\/\/bambapolitica.com.mx\/index.php\/wp-json\/wp\/v2\/media?parent=44754"}],"wp:term":[{"taxonomy":"category","embeddable":true,"href":"https:\/\/bambapolitica.com.mx\/index.php\/wp-json\/wp\/v2\/categories?post=44754"},{"taxonomy":"post_tag","embeddable":true,"href":"https:\/\/bambapolitica.com.mx\/index.php\/wp-json\/wp\/v2\/tags?post=44754"}],"curies":[{"name":"wp","href":"https:\/\/api.w.org\/{rel}","templated":true}]}}