{"id":45244,"date":"2022-04-26T06:36:06","date_gmt":"2022-04-26T12:36:06","guid":{"rendered":"http:\/\/bambapolitica.com.mx\/?p=45244"},"modified":"2022-04-26T06:36:31","modified_gmt":"2022-04-26T12:36:31","slug":"reconoce-partido-verde-nocion-politica-abierta-y-democratica-en-gobernacion","status":"publish","type":"post","link":"https:\/\/bambapolitica.com.mx\/index.php\/2022\/04\/26\/reconoce-partido-verde-nocion-politica-abierta-y-democratica-en-gobernacion\/","title":{"rendered":"Reconoce partido verde noci\u00f3n pol\u00edtica abierta y democr\u00e1tica en gobernaci\u00f3n"},"content":{"rendered":"\n<p class=\"has-medium-font-size\">Javier Herrera sostuvo un encuentro con el titular, Ad\u00e1n Augusto L\u00f3pez Hern\u00e1ndez<\/p>\n\n\n\n<p class=\"has-medium-font-size\">CDMX, 26 Abril de 2022.<\/p>\n\n\n\n<p class=\"has-medium-font-size\">Al reunirse con el titular de la Secretar\u00eda de Gobernaci\u00f3n, Ad\u00e1n Augusto L\u00f3pez Hern\u00e1ndez, el Secretario de Organizaci\u00f3n del Comit\u00e9 Ejecutivo Nacional (CEN) del Partido Verde, Javier Herrera Borunda reconoci\u00f3 en su funci\u00f3n p\u00fablica el esp\u00edritu democr\u00e1tico con una noci\u00f3n pol\u00edtica de apertura a las distintas plataformas pol\u00edticas de M\u00e9xico.<\/p>\n\n\n\n<p class=\"has-medium-font-size\">Este lunes, el pol\u00edtico veracruzano sostuvo un encuentro con el responsable de la pol\u00edtica interior del pa\u00eds, con el prop\u00f3sito de robustecer los canales de comunicaci\u00f3n pol\u00edtica con el gobierno de M\u00e9xico en el contexto de las campa\u00f1as por seis gubernaturas en el pa\u00eds que se disputar\u00e1n en junio pr\u00f3ximo.<\/p>\n\n\n\n<p class=\"has-medium-font-size\">Con la representaci\u00f3n del Partido Verde, Herrera Borunda destac\u00f3 la labor de Gobernaci\u00f3n para enriquecer el di\u00e1logo, \u201cel Secretario, est\u00e1 atendiendo las diferentes alternativas ideol\u00f3gicas, hace de nuestro sistema pol\u00edtico una verdadera democracia\u201d.<\/p>\n\n\n\n<p class=\"has-medium-font-size\">Dijo que con una visi\u00f3n democr\u00e1tica, desde Gobernaci\u00f3n, Ad\u00e1n Augusto L\u00f3pez Hern\u00e1ndez, es el claro ejemplo de est\u00e1 noci\u00f3n de pol\u00edtica que fortalece as\u00ed el rumbo de nuestra Naci\u00f3n al coordinar esfuerzos colectivos para escuchar y atender a las diferentes plataformas ideol\u00f3gicas que se expresan en el marco jur\u00eddico electoral y partidista del pa\u00eds.<\/p>\n\n\n\n<p class=\"has-medium-font-size\">Expres\u00f3 que el pol\u00edtico tabasque\u00f1o, que ocupa el segundo cargo m\u00e1s importante en el pa\u00eds, es un ejemplo de ese ideario pol\u00edtico de hombres responsables que coordinan esfuerzos colectivos para garantizar el bienestar de una naci\u00f3n y que como consecuencia se traduce en el progreso com\u00fan.<\/p>\n","protected":false},"excerpt":{"rendered":"<p>Javier Herrera sostuvo un encuentro con el titular, Ad\u00e1n Augusto L\u00f3pez Hern\u00e1ndez CDMX, 26 Abril&#8230;<\/p>\n","protected":false},"author":4,"featured_media":45273,"comment_status":"closed","ping_status":"closed","sticky":false,"template":"","format":"standard","meta":{"footnotes":""},"categories":[4],"tags":[],"class_list":["post-45244","post","type-post","status-publish","format-standard","has-post-thumbnail","hentry","category-noticias-del-dia"],"_links":{"self":[{"href":"https:\/\/bambapolitica.com.mx\/index.php\/wp-json\/wp\/v2\/posts\/45244","targetHints":{"allow":["GET"]}}],"collection":[{"href":"https:\/\/bambapolitica.com.mx\/index.php\/wp-json\/wp\/v2\/posts"}],"about":[{"href":"https:\/\/bambapolitica.com.mx\/index.php\/wp-json\/wp\/v2\/types\/post"}],"author":[{"embeddable":true,"href":"https:\/\/bambapolitica.com.mx\/index.php\/wp-json\/wp\/v2\/users\/4"}],"replies":[{"embeddable":true,"href":"https:\/\/bambapolitica.com.mx\/index.php\/wp-json\/wp\/v2\/comments?post=45244"}],"version-history":[{"count":1,"href":"https:\/\/bambapolitica.com.mx\/index.php\/wp-json\/wp\/v2\/posts\/45244\/revisions"}],"predecessor-version":[{"id":45274,"href":"https:\/\/bambapolitica.com.mx\/index.php\/wp-json\/wp\/v2\/posts\/45244\/revisions\/45274"}],"wp:featuredmedia":[{"embeddable":true,"href":"https:\/\/bambapolitica.com.mx\/index.php\/wp-json\/wp\/v2\/media\/45273"}],"wp:attachment":[{"href":"https:\/\/bambapolitica.com.mx\/index.php\/wp-json\/wp\/v2\/media?parent=45244"}],"wp:term":[{"taxonomy":"category","embeddable":true,"href":"https:\/\/bambapolitica.com.mx\/index.php\/wp-json\/wp\/v2\/categories?post=45244"},{"taxonomy":"post_tag","embeddable":true,"href":"https:\/\/bambapolitica.com.mx\/index.php\/wp-json\/wp\/v2\/tags?post=45244"}],"curies":[{"name":"wp","href":"https:\/\/api.w.org\/{rel}","templated":true}]}}