{"id":45247,"date":"2022-04-26T06:17:34","date_gmt":"2022-04-26T12:17:34","guid":{"rendered":"http:\/\/bambapolitica.com.mx\/?p=45247"},"modified":"2022-04-26T06:17:36","modified_gmt":"2022-04-26T12:17:36","slug":"ambientalistas-advierten-riesgo-de-accidente-con-el-tren-maya","status":"publish","type":"post","link":"https:\/\/bambapolitica.com.mx\/index.php\/2022\/04\/26\/ambientalistas-advierten-riesgo-de-accidente-con-el-tren-maya\/","title":{"rendered":"Ambientalistas advierten riesgo de accidente con el Tren Maya"},"content":{"rendered":"\n<p class=\"has-medium-font-size\">Lo dicen hidr\u00f3logos internacionales: es una tierra muy delgada, alertan.<\/p>\n\n\n\n<p class=\"has-medium-font-size\">Entre insultos y gritos de curiosos que se acercaron, cuatro de los activistas de la campa\u00f1a S\u00e9lvame del Tren afirmaron, en conferencia de prensa afuera de Palacio Nacional, que seguir\u00e1n en protesta hasta donde tope, y advirtieron del riesgo de un accidente con el Tren Maya y fustigaron que el presidente Andr\u00e9s Manuel L\u00f3pez Obrador cancel\u00f3 el di\u00e1logo acordado para ayer.<\/p>\n\n\n\n<p class=\"has-medium-font-size\">\u201cVamos a seguir levantando este movimiento lo m\u00e1s alto que se pueda, hasta donde topen las cosas; hay una suspensi\u00f3n provisional, se est\u00e1 buscando una suspensi\u00f3n definitiva\u201d, expres\u00f3 Arturo Islas, actor.<\/p>\n\n\n\n<p class=\"has-medium-font-size\">Ante la postura del Ejecutivo federal de poner en duda lo genuino de su campa\u00f1a, asegur\u00f3 que no son \u201cadversarios\u201d, tambi\u00e9n rechazan las acciones de la empresa estadounidense Vulcan en la Riviera Maya, as\u00ed como a los \u201cextranjeros que vienen y se chingan en el pueblo\u201d, por lo que s\u00f3lo dan voz a los especialistas.<\/p>\n\n\n\n<p class=\"has-medium-font-size\">\u201cEs una falta de educaci\u00f3n que gente pag\u00f3 lana para venir y se le haya cerrado la puerta en la cara a unas horas antes de poder convivir; esto no era violento, qu\u00e9 se puede esperar de un gobernante que no est\u00e1 dispuesto a dialogar\u201d.<\/p>\n\n\n\n<p class=\"has-medium-font-size\">Dado que L\u00f3pez Obrador los ha llamado a dialogar con los integrantes del ejido Jacinto Pat, asegur\u00f3 que se dejaron comprar.<\/p>\n\n\n\n<p class=\"has-medium-font-size\">\u201cEl ejido recibi\u00f3 150 millones de pesos, un mill\u00f3n por parcela, las personas que aparecen el video, en principio se opon\u00edan al tramo\u201d, acus\u00f3.<\/p>\n\n\n\n<p class=\"has-medium-font-size\">Adem\u00e1s, que el cambio del trazo fue porque \u201clos espa\u00f1oles no quisieron ceder 20 metros de carretera porque ten\u00edan que modificar sus fachadas\u201d.<\/p>\n\n\n\n<p class=\"has-medium-font-size\">El bi\u00f3logo Roberto Rojo asegur\u00f3 que el trazo pasa por alrededor de 50 cenotes y cavernas.<\/p>\n\n\n\n<p class=\"has-medium-font-size\">S\u00ed se puede caer, lo han dicho hidr\u00f3logos internacionales, es una tierra muy delgada, es un tren que lleva peso; ahora imag\u00ednense la cat\u00e1strofe que haya un accidente, cae el combustible y ese combustible vaya a nuestros r\u00edos subterr\u00e1neos\u201d, alert\u00f3 Islas.<\/p>\n\n\n\n<p class=\"has-medium-font-size\">Al ser cuestionados respecto del porqu\u00e9 la campa\u00f1a inici\u00f3 en marzo, pese a que el tramo 5 del Tren Maya, al cual en espec\u00edfico se oponen, se cambi\u00f3 desde enero, Jos\u00e9 Urbina, quien se present\u00f3 como buzo de cuevas, rechaz\u00f3 que sea as\u00ed.<\/p>\n\n\n\n<p class=\"has-medium-font-size\">\u201cIniciamos esta lucha hace much\u00edsimos a\u00f1os, los recursos legales se iniciaron hace mucho tiempo y llevan un tiempo burocr\u00e1tico\u201d, revir\u00f3.<\/p>\n\n\n\n<p class=\"has-medium-font-size\">El actor Eugenio Derbez, quien tambi\u00e9n est\u00e1 en la campa\u00f1a, indic\u00f3 en video, desde una locaci\u00f3n, que no asisti\u00f3 porque se encuentra en un rodaje, y \u201csi el se\u00f1or Presidente lo que quer\u00eda era una foto, yo feliz\u201d; adem\u00e1s, rechaz\u00f3 haber inaugurado el parque Xcaret.<\/p>\n\n\n\n<p>elfinanciero<\/p>\n","protected":false},"excerpt":{"rendered":"<p>Lo dicen hidr\u00f3logos internacionales: es una tierra muy delgada, alertan. Entre insultos y gritos de&#8230;<\/p>\n","protected":false},"author":4,"featured_media":45259,"comment_status":"closed","ping_status":"closed","sticky":false,"template":"","format":"standard","meta":{"footnotes":""},"categories":[4],"tags":[],"class_list":["post-45247","post","type-post","status-publish","format-standard","has-post-thumbnail","hentry","category-noticias-del-dia"],"_links":{"self":[{"href":"https:\/\/bambapolitica.com.mx\/index.php\/wp-json\/wp\/v2\/posts\/45247","targetHints":{"allow":["GET"]}}],"collection":[{"href":"https:\/\/bambapolitica.com.mx\/index.php\/wp-json\/wp\/v2\/posts"}],"about":[{"href":"https:\/\/bambapolitica.com.mx\/index.php\/wp-json\/wp\/v2\/types\/post"}],"author":[{"embeddable":true,"href":"https:\/\/bambapolitica.com.mx\/index.php\/wp-json\/wp\/v2\/users\/4"}],"replies":[{"embeddable":true,"href":"https:\/\/bambapolitica.com.mx\/index.php\/wp-json\/wp\/v2\/comments?post=45247"}],"version-history":[{"count":1,"href":"https:\/\/bambapolitica.com.mx\/index.php\/wp-json\/wp\/v2\/posts\/45247\/revisions"}],"predecessor-version":[{"id":45260,"href":"https:\/\/bambapolitica.com.mx\/index.php\/wp-json\/wp\/v2\/posts\/45247\/revisions\/45260"}],"wp:featuredmedia":[{"embeddable":true,"href":"https:\/\/bambapolitica.com.mx\/index.php\/wp-json\/wp\/v2\/media\/45259"}],"wp:attachment":[{"href":"https:\/\/bambapolitica.com.mx\/index.php\/wp-json\/wp\/v2\/media?parent=45247"}],"wp:term":[{"taxonomy":"category","embeddable":true,"href":"https:\/\/bambapolitica.com.mx\/index.php\/wp-json\/wp\/v2\/categories?post=45247"},{"taxonomy":"post_tag","embeddable":true,"href":"https:\/\/bambapolitica.com.mx\/index.php\/wp-json\/wp\/v2\/tags?post=45247"}],"curies":[{"name":"wp","href":"https:\/\/api.w.org\/{rel}","templated":true}]}}