{"id":45249,"date":"2022-04-26T06:21:40","date_gmt":"2022-04-26T12:21:40","guid":{"rendered":"http:\/\/bambapolitica.com.mx\/?p=45249"},"modified":"2022-04-26T06:21:41","modified_gmt":"2022-04-26T12:21:41","slug":"corte-declara-inconstitucional-al-panaut","status":"publish","type":"post","link":"https:\/\/bambapolitica.com.mx\/index.php\/2022\/04\/26\/corte-declara-inconstitucional-al-panaut\/","title":{"rendered":"Corte declara inconstitucional al Panaut"},"content":{"rendered":"\n<p class=\"has-medium-font-size\">El padr\u00f3n, conocido como Panaut, que incluir\u00eda huellas dactilares o biometr\u00eda ocular, fue declarado inconstitucional por nueve magistrados<\/p>\n\n\n\n<p class=\"has-medium-font-size\">El padr\u00f3n, conocido como Panaut, que incluir\u00eda huellas dactilares o biometr\u00eda ocular, fue declarado inconstitucional por nueve magistrados.<\/p>\n\n\n\n<p class=\"has-medium-font-size\">Dos m\u00e1s votaron por declarar la invalidaci\u00f3n parcial.<\/p>\n\n\n\n<p class=\"has-medium-font-size\">La Suprema Corte de Justicia de la Naci\u00f3n declar\u00f3 inv\u00e1lida una medida que crear\u00eda en M\u00e9xico un pol\u00e9mico Padr\u00f3n Nacional de Usuarios de Telefon\u00eda M\u00f3vil con datos biom\u00e9tricos.<\/p>\n\n\n\n<p class=\"has-medium-font-size\">La ministra ponente, Norma Luc\u00eda Pi\u00f1a Hern\u00e1ndez, expuso que el m\u00e1ximo tribunal ha se\u00f1alado en precedentes que existe un derecho a la autodeterminaci\u00f3n informativa.<\/p>\n\n\n\n<p class=\"has-medium-font-size\">Lo que implica la facultad de los ciudadanos a no dar sus datos personales sin saber que utilidad se le dar\u00e1n y c\u00f3mo se evitar\u00e1 darles un mal uso.<\/p>\n\n\n\n<p class=\"has-medium-font-size\">En el caso del Panaut, explic\u00f3, esta opci\u00f3n no existe pues el ceder estos datos no es optativa.<\/p>\n\n\n\n<p class=\"has-medium-font-size\">Porque si no se entregan simplemente no se tendr\u00e1 acceso a un celular.<\/p>\n\n\n\n<p class=\"has-medium-font-size\"><strong>Panaut es constitucionalmente leg\u00edtimo<\/strong><\/p>\n\n\n\n<p class=\"has-medium-font-size\">Pi\u00f1a a\u00f1adi\u00f3 que, aunque el fin del Panaut es constitucionalmente leg\u00edtimo, su instrumentaci\u00f3n es excesivamente invasiva en los derechos humanos de los usuarios.<\/p>\n\n\n\n<p class=\"has-medium-font-size\">Adem\u00e1s, sostuvo, ya existen medidas contempladas en el C\u00f3digo Nacional de Procedimientos Penales y en la propia Ley Federal de Telecomunicaciones y Radiodifusi\u00f3n.<\/p>\n\n\n\n<p class=\"has-medium-font-size\">Lo anterior para prevenir y combatir el uso de dispositivos m\u00f3viles para cometer delitos.<\/p>\n\n\n\n<p class=\"has-medium-font-size\">\u00abEl Panaut no es una medida legislativa necesaria en una sociedad democr\u00e1tica, pues no mantiene un equilibrio entre la necesidad de los datos y el derecho a la privacidad de las personas, adem\u00e1s de no encontrar justificaci\u00f3n (\u2026)<\/p>\n\n\n\n<p class=\"has-medium-font-size\">El Congreso debi\u00f3 llevar a cabo una evaluaci\u00f3n de impacto en la protecci\u00f3n de datos personales, lo cual no se cumpli\u00f3 y ello coloca a los derechos humanos en una situaci\u00f3n de grave riesgo que no debe avalarse\u201d, dijo la ministra Pi\u00f1a.<\/p>\n\n\n\n<p class=\"has-medium-font-size\">\u00abNo debemos olvidar que el tratamiento de los datos personales con el Panaut no es optativo para las personas, sino que es obligatorio si quieren tener activa una l\u00ednea de telefon\u00eda m\u00f3vil.<\/p>\n\n\n\n<p class=\"has-medium-font-size\"><strong>Por eso el impacto es fuerte en los derechos humanos.<\/strong><\/p>\n\n\n\n<p class=\"has-medium-font-size\">La entrega de los datos personales se impone como obligaci\u00f3n a los usuarios a fin de poder conservar una l\u00ednea de telefon\u00eda m\u00f3vil y el usuario no determina el uso que se dar\u00e1 a sus datos\u201d, argument\u00f3.<\/p>\n\n\n\n<p class=\"has-medium-font-size\">A favor de la invalidez total del decreto de creaci\u00f3n del Panaut votaron al final 9 ministros.<\/p>\n\n\n\n<p class=\"has-medium-font-size\">Con lo cual se rebas\u00f3 por uno el n\u00famero para alcanzar la mayor\u00eda calificada.<\/p>\n\n\n\n<p>estadodemexico.jornada<\/p>\n","protected":false},"excerpt":{"rendered":"<p>El padr\u00f3n, conocido como Panaut, que incluir\u00eda huellas dactilares o biometr\u00eda ocular, fue declarado inconstitucional&#8230;<\/p>\n","protected":false},"author":4,"featured_media":45263,"comment_status":"closed","ping_status":"closed","sticky":false,"template":"","format":"standard","meta":{"footnotes":""},"categories":[4],"tags":[],"class_list":["post-45249","post","type-post","status-publish","format-standard","has-post-thumbnail","hentry","category-noticias-del-dia"],"_links":{"self":[{"href":"https:\/\/bambapolitica.com.mx\/index.php\/wp-json\/wp\/v2\/posts\/45249","targetHints":{"allow":["GET"]}}],"collection":[{"href":"https:\/\/bambapolitica.com.mx\/index.php\/wp-json\/wp\/v2\/posts"}],"about":[{"href":"https:\/\/bambapolitica.com.mx\/index.php\/wp-json\/wp\/v2\/types\/post"}],"author":[{"embeddable":true,"href":"https:\/\/bambapolitica.com.mx\/index.php\/wp-json\/wp\/v2\/users\/4"}],"replies":[{"embeddable":true,"href":"https:\/\/bambapolitica.com.mx\/index.php\/wp-json\/wp\/v2\/comments?post=45249"}],"version-history":[{"count":1,"href":"https:\/\/bambapolitica.com.mx\/index.php\/wp-json\/wp\/v2\/posts\/45249\/revisions"}],"predecessor-version":[{"id":45264,"href":"https:\/\/bambapolitica.com.mx\/index.php\/wp-json\/wp\/v2\/posts\/45249\/revisions\/45264"}],"wp:featuredmedia":[{"embeddable":true,"href":"https:\/\/bambapolitica.com.mx\/index.php\/wp-json\/wp\/v2\/media\/45263"}],"wp:attachment":[{"href":"https:\/\/bambapolitica.com.mx\/index.php\/wp-json\/wp\/v2\/media?parent=45249"}],"wp:term":[{"taxonomy":"category","embeddable":true,"href":"https:\/\/bambapolitica.com.mx\/index.php\/wp-json\/wp\/v2\/categories?post=45249"},{"taxonomy":"post_tag","embeddable":true,"href":"https:\/\/bambapolitica.com.mx\/index.php\/wp-json\/wp\/v2\/tags?post=45249"}],"curies":[{"name":"wp","href":"https:\/\/api.w.org\/{rel}","templated":true}]}}