{"id":45251,"date":"2022-04-26T06:29:15","date_gmt":"2022-04-26T12:29:15","guid":{"rendered":"http:\/\/bambapolitica.com.mx\/?p=45251"},"modified":"2022-04-26T06:29:17","modified_gmt":"2022-04-26T12:29:17","slug":"fgjem-investiga-45-feminicidios-en-2022","status":"publish","type":"post","link":"https:\/\/bambapolitica.com.mx\/index.php\/2022\/04\/26\/fgjem-investiga-45-feminicidios-en-2022\/","title":{"rendered":"FGJEM investiga 45 feminicidios en 2022"},"content":{"rendered":"\n<p class=\"has-medium-font-size\">De enero al 17 de abril de este a\u00f1o, la Fiscal\u00eda General (FGJEM) abri\u00f3 45 carpetas de investigaci\u00f3n por feminicidios<\/p>\n\n\n\n<p class=\"has-medium-font-size\">De enero al 17 de abril de este a\u00f1o, la Fiscal\u00eda General de Justicia del Estado de M\u00e9xico (FGJEM) abri\u00f3 45 carpetas de investigaci\u00f3n por feminicidio.<\/p>\n\n\n\n<p class=\"has-medium-font-size\">26 han sido vinculados, 53 por ciento m\u00e1s que en el mismo periodo del 2021, inform\u00f3 el secretario general de Gobierno, Ernesto Nemer \u00c1lvarez.<\/p>\n\n\n\n<p class=\"has-medium-font-size\">En el caso del delito de personas desaparecidas, dio a conocer que de enero a marzo de 2021 se localizaron al 75.7 por ciento de personas, y en lo que va del a\u00f1o al 75. 4 por ciento.<\/p>\n\n\n\n<p class=\"has-medium-font-size\">Detall\u00f3 tambi\u00e9n que, de enero a marzo de 2021, se presentaron mil 425 carpetas de investigaci\u00f3n sobre ese delito y en ese mismo periodo se han abierto mil 468 carpetas.<\/p>\n\n\n\n<p class=\"has-medium-font-size\">Apunt\u00f3 que las personas localizadas en 2021 fueron mil 079, y en este a\u00f1o han sido mil 104.<\/p>\n\n\n\n<p class=\"has-medium-font-size\">\u201cLa Secretar\u00eda de la Mujer, abund\u00f3, ha brindado, a la fecha, desde su creaci\u00f3n, 106 mil atenciones a mujeres en situaciones de violencia\u201d, a\u00f1adi\u00f3.<\/p>\n\n\n\n<p class=\"has-medium-font-size\">Desglos\u00f3 que de las 106 mil atenciones brindadas, figuran 22 mil 453 asesor\u00edas para apoyar y acompa\u00f1ar a mujeres en situaci\u00f3n de violencia.<\/p>\n\n\n\n<p class=\"has-medium-font-size\">44 mil 928 han sido beneficiadas, con intervenci\u00f3n en crisis y tratamiento psicol\u00f3gico y 38 mil 983 recibieron asesor\u00eda jur\u00eddica.<\/p>\n\n\n\n<p class=\"has-medium-font-size\">Nemer \u00c1lvarez destac\u00f3 que el gobierno estatal destina recursos propios para otorgar diversos servicios a mujeres en situaci\u00f3n de violencia.<\/p>\n\n\n\n<p class=\"has-medium-font-size\">Los cuales suman m\u00e1s de 31 mil apoyos; entre ellos, 755 acogidas en un refugio, 2 mil 471 servicios de atenci\u00f3n en la Casa de Transici\u00f3n y Puerta Violeta.<\/p>\n\n\n\n<p class=\"has-medium-font-size\">7 mil 451 hombres canalizados a los Centros de Masculinidades Positivas.<\/p>\n\n\n\n<p class=\"has-medium-font-size\"><strong>Se cre\u00f3 la Polic\u00eda de G\u00e9nero: FGJEM<\/strong><\/p>\n\n\n\n<p class=\"has-medium-font-size\">Se les brind\u00f3 capacitaci\u00f3n para prevenir, identificar, intervenir, canalizar y proteger a las v\u00edctimas u ofendidos con base al Protocolo de Actuaci\u00f3n Policial.<\/p>\n\n\n\n<p class=\"has-medium-font-size\">La cual est\u00e1 integrada por 182 elementos: 103 mujeres y 79 hombres.<\/p>\n\n\n\n<p class=\"has-medium-font-size\">\u201cDe manera coordinada con los municipios ya se tienen en 57 de ellos la Polic\u00eda de G\u00e9nero Municipal, y 103 localidades ya cuentan con la C\u00e9lula de B\u00fasqueda\u201d, subray\u00f3.<\/p>\n\n\n\n<p class=\"has-medium-font-size\">Asimismo, del 1 de enero al 25 de marzo de 2022 se han realizado 15 mil visitas a domicilios y han iniciado 487 carpetas de investigaci\u00f3n.<\/p>\n\n\n\n<p class=\"has-medium-font-size\">486 medidas de protecci\u00f3n, 59 pre denuncias y 31 mediante la aplicaci\u00f3n de la Fiscal\u00eda General de Justicia.<\/p>\n\n\n\n<p class=\"has-medium-font-size\">109 medidas de protecci\u00f3n asignadas por riesgo feminicida, y mil 652 asesor\u00edas brindadas en Operativos Pie-Tierra.<\/p>\n\n\n\n<p>estadodemexico.jornada<\/p>\n","protected":false},"excerpt":{"rendered":"<p>De enero al 17 de abril de este a\u00f1o, la Fiscal\u00eda General (FGJEM) abri\u00f3 45&#8230;<\/p>\n","protected":false},"author":4,"featured_media":45267,"comment_status":"closed","ping_status":"closed","sticky":false,"template":"","format":"standard","meta":{"footnotes":""},"categories":[4],"tags":[],"class_list":["post-45251","post","type-post","status-publish","format-standard","has-post-thumbnail","hentry","category-noticias-del-dia"],"_links":{"self":[{"href":"https:\/\/bambapolitica.com.mx\/index.php\/wp-json\/wp\/v2\/posts\/45251","targetHints":{"allow":["GET"]}}],"collection":[{"href":"https:\/\/bambapolitica.com.mx\/index.php\/wp-json\/wp\/v2\/posts"}],"about":[{"href":"https:\/\/bambapolitica.com.mx\/index.php\/wp-json\/wp\/v2\/types\/post"}],"author":[{"embeddable":true,"href":"https:\/\/bambapolitica.com.mx\/index.php\/wp-json\/wp\/v2\/users\/4"}],"replies":[{"embeddable":true,"href":"https:\/\/bambapolitica.com.mx\/index.php\/wp-json\/wp\/v2\/comments?post=45251"}],"version-history":[{"count":1,"href":"https:\/\/bambapolitica.com.mx\/index.php\/wp-json\/wp\/v2\/posts\/45251\/revisions"}],"predecessor-version":[{"id":45268,"href":"https:\/\/bambapolitica.com.mx\/index.php\/wp-json\/wp\/v2\/posts\/45251\/revisions\/45268"}],"wp:featuredmedia":[{"embeddable":true,"href":"https:\/\/bambapolitica.com.mx\/index.php\/wp-json\/wp\/v2\/media\/45267"}],"wp:attachment":[{"href":"https:\/\/bambapolitica.com.mx\/index.php\/wp-json\/wp\/v2\/media?parent=45251"}],"wp:term":[{"taxonomy":"category","embeddable":true,"href":"https:\/\/bambapolitica.com.mx\/index.php\/wp-json\/wp\/v2\/categories?post=45251"},{"taxonomy":"post_tag","embeddable":true,"href":"https:\/\/bambapolitica.com.mx\/index.php\/wp-json\/wp\/v2\/tags?post=45251"}],"curies":[{"name":"wp","href":"https:\/\/api.w.org\/{rel}","templated":true}]}}