{"id":45253,"date":"2022-04-26T06:33:34","date_gmt":"2022-04-26T12:33:34","guid":{"rendered":"http:\/\/bambapolitica.com.mx\/?p=45253"},"modified":"2022-04-26T06:36:57","modified_gmt":"2022-04-26T12:36:57","slug":"amlo-elogia-a-cuitlahuac-garcia","status":"publish","type":"post","link":"https:\/\/bambapolitica.com.mx\/index.php\/2022\/04\/26\/amlo-elogia-a-cuitlahuac-garcia\/","title":{"rendered":"AMLO elogia a Cuitl\u00e1huac Garc\u00eda!!!"},"content":{"rendered":"\n<p class=\"has-medium-font-size\">\u2022 Veracruz hab\u00eda sufrido con puro gobernador mediocre y ladr\u00f3n.<br>\u2022 Cuitl\u00e1huac sigue siendo una persona humilde, hasta les debe de extra\u00f1ar.<br>\u2022 El poder es una \u201ctremenda tentaci\u00f3n\u201d que puede hacer cambiar a las personas, lo que no ha sucedido.<\/p>\n\n\n\n<p class=\"has-medium-font-size\">Ciudad de M\u00e9xico. 26 abril 2022.<\/p>\n\n\n\n<p class=\"has-medium-font-size\">Veracruz fue saqueado por puro gobernador mediocre y ladr\u00f3n que ten\u00edan residencias, ranchos, yates, departamentos en el extranjero, afirm\u00f3 el presidente de la Rep\u00fablica, Andr\u00e9s Manuel L\u00f3pez Obrador durante su conferencia ma\u00f1anera de ayer lunes 25 de abril desde la Ciudad de M\u00e9xico.<\/p>\n\n\n\n<p class=\"has-medium-font-size\">El presidente reconoci\u00f3 que el gobernador de Veracruz, Cuitl\u00e1huac Garc\u00eda Jim\u00e9nez, ha resistido a las tentaciones del poder.<\/p>\n\n\n\n<p class=\"has-medium-font-size\">Insisti\u00f3 que el gobernador de Veracruz no ha cambiado, sigue siendo humilde, entendiendo que el poder es humildad, hasta se deben extra\u00f1ar.<\/p>\n\n\n\n<p class=\"has-medium-font-size\">&#8220;Entonces veo a Cuitl\u00e1huac no solo que no est\u00e1 robando como suced\u00eda antes, mi estado Veracruz, porque soy choco-jarocho, saquearon, residencias, yates, departamentos en el extranjero, ya no, no es as\u00ed, eso es el fondo, pero la forma, ah\u00ed anda Cuitl\u00e1huac, no lo he visto transformarse con otro ropaje, sigue siendo humilde, entendiendo que el poder es humildad\u201d, refiri\u00f3.<\/p>\n\n\n\n<p class=\"has-medium-font-size\">&#8220;Ahora que estuve en Veracruz una de las cosas que me dio gusto es que Cuitl\u00e1huac Garc\u00eda Jim\u00e9nez gobernador de Veracruz no ha cambiado, ha resistido las tentaciones del poder y no ha cambiado en lo fundamental y tampoco ha cambiado en su manera de ser porque el poder es una tremenda tentaci\u00f3n atonta a los inteligentes y a los tontos los vuelve locos, entonces veo a Cuitl\u00e1huac no s\u00f3lo que no est\u00e1 robando como suced\u00eda antes, mi estado de Veracruz porque soy chocojarocho, saqueado, puro gobernador mediocre y ladr\u00f3n con residencias, ranchos, yates, departamentos en el extranjero, ya no es as\u00ed, eso es el fondo pero la forma all\u00e1 anda Cuitl\u00e1huac s\u00f3lo no lo he visto transformarse con otro ropaje, humilde, entendiendo que el poder es humildad hasta se deben extra\u00f1ar que ya no hay enguayaberados que a leguas se ve\u00eda que eran pol\u00edticos, ya no, entonces eso me da mucho gusto&#8221; dijo.<\/p>\n","protected":false},"excerpt":{"rendered":"<p>\u2022 Veracruz hab\u00eda sufrido con puro gobernador mediocre y ladr\u00f3n.\u2022 Cuitl\u00e1huac sigue siendo una persona&#8230;<\/p>\n","protected":false},"author":4,"featured_media":45271,"comment_status":"closed","ping_status":"closed","sticky":false,"template":"","format":"standard","meta":{"footnotes":""},"categories":[4],"tags":[],"class_list":["post-45253","post","type-post","status-publish","format-standard","has-post-thumbnail","hentry","category-noticias-del-dia"],"_links":{"self":[{"href":"https:\/\/bambapolitica.com.mx\/index.php\/wp-json\/wp\/v2\/posts\/45253","targetHints":{"allow":["GET"]}}],"collection":[{"href":"https:\/\/bambapolitica.com.mx\/index.php\/wp-json\/wp\/v2\/posts"}],"about":[{"href":"https:\/\/bambapolitica.com.mx\/index.php\/wp-json\/wp\/v2\/types\/post"}],"author":[{"embeddable":true,"href":"https:\/\/bambapolitica.com.mx\/index.php\/wp-json\/wp\/v2\/users\/4"}],"replies":[{"embeddable":true,"href":"https:\/\/bambapolitica.com.mx\/index.php\/wp-json\/wp\/v2\/comments?post=45253"}],"version-history":[{"count":2,"href":"https:\/\/bambapolitica.com.mx\/index.php\/wp-json\/wp\/v2\/posts\/45253\/revisions"}],"predecessor-version":[{"id":45275,"href":"https:\/\/bambapolitica.com.mx\/index.php\/wp-json\/wp\/v2\/posts\/45253\/revisions\/45275"}],"wp:featuredmedia":[{"embeddable":true,"href":"https:\/\/bambapolitica.com.mx\/index.php\/wp-json\/wp\/v2\/media\/45271"}],"wp:attachment":[{"href":"https:\/\/bambapolitica.com.mx\/index.php\/wp-json\/wp\/v2\/media?parent=45253"}],"wp:term":[{"taxonomy":"category","embeddable":true,"href":"https:\/\/bambapolitica.com.mx\/index.php\/wp-json\/wp\/v2\/categories?post=45253"},{"taxonomy":"post_tag","embeddable":true,"href":"https:\/\/bambapolitica.com.mx\/index.php\/wp-json\/wp\/v2\/tags?post=45253"}],"curies":[{"name":"wp","href":"https:\/\/api.w.org\/{rel}","templated":true}]}}