{"id":45286,"date":"2022-04-26T07:44:37","date_gmt":"2022-04-26T13:44:37","guid":{"rendered":"http:\/\/bambapolitica.com.mx\/?p=45286"},"modified":"2022-04-26T07:44:38","modified_gmt":"2022-04-26T13:44:38","slug":"incumple-pemex","status":"publish","type":"post","link":"https:\/\/bambapolitica.com.mx\/index.php\/2022\/04\/26\/incumple-pemex\/","title":{"rendered":"Incumple Pemex"},"content":{"rendered":"\n<p class=\"has-medium-font-size\">Se rebela sindicato<\/p>\n\n\n\n<p class=\"has-medium-font-size\">Trabajadores petroleros de todo el Pa\u00eds iniciaron protestas para denunciar el incumplimiento del Contrato Colectivo de Trabajo por parte de Petr\u00f3leos Mexicanos (Pemex).<\/p>\n\n\n\n<p class=\"has-medium-font-size\">En las secciones del Sindicato de Trabajadores Petroleros de la Rep\u00fablica Mexicana (STPRM) fueron colocadas lonas y mantas para expresar su inconformidad por la falta de equipo de seguridad y de insumos m\u00e9dicos para los hospitales donde atiende a personal de la empresa petrolera.<\/p>\n\n\n\n<p class=\"has-medium-font-size\">Falta de mantenimiento en plantas, de uniformes, incumplimiento en el pago de becas, en apoyos en vivienda, pr\u00e9stamos administrativos y cobertura de plazas vacantes, son otras de las denuncias.<\/p>\n\n\n\n<p class=\"has-medium-font-size\">En el sindicato cuestionaron la efectividad de las medidas de austeridad.<\/p>\n\n\n\n<p class=\"has-medium-font-size\">&#8220;Como consecuencia de los programas de austeridad implementados por la Administraci\u00f3n de Pemex, se han incrementado los incumplimientos a nuestro Contrato Colectivo de Trabajo, lo cual est\u00e1 afectando a nuestra base de trabajadores sindicalizados&#8221;, se\u00f1ala uno de los pliegos entregados a Pemex ayer por parte de la secci\u00f3n 47 en Ciudad del Carmen, Campeche.<\/p>\n\n\n\n<p class=\"has-medium-font-size\">Este martes se prev\u00e9 que las 36 secciones del STPRM en todo el Pa\u00eds realicen asambleas extraordinarias para definir acciones y exigirle a Pemex el cumplimiento.<\/p>\n\n\n\n<p class=\"has-medium-font-size\">Durante el proceso interno para renovar la dirigencia del sindicato, tanto el candidato oficialista Ricardo Aldana, como los opositores, denunciaron que Pemex ha incumplido con varios compromisos establecidos en el Contrato.<\/p>\n\n\n\n<p class=\"has-medium-font-size\">Incluso el pasado 18 de marzo, durante la conmemoraci\u00f3n de la Expropiaci\u00f3n Petrolera, Aldana exigi\u00f3 a la empresa que otorgue a los trabajadores todas las prestaciones y ayudas a las que se comprometi\u00f3 en la negociaci\u00f3n.<\/p>\n\n\n\n<p class=\"has-medium-font-size\"><strong>Tula, en crisis<\/strong><\/p>\n\n\n\n<p class=\"has-medium-font-size\">La situaci\u00f3n laboral en Pemex se refleja, por ejemplo, en la refiner\u00eda de Tula, que atraviesa por una crisis de operaci\u00f3n y de protestas, seg\u00fan lo afirm\u00f3 el mismo Gerente de la planta, Felipe Alberto Careaga Campos.<\/p>\n\n\n\n<p class=\"has-medium-font-size\">Careaga acus\u00f3 que el bloqueo de plazas tiene su origen en la Torre de Pemex, por orden de Jos\u00e9 Eduardo Beltr\u00e1n Hern\u00e1ndez, uno de los cinco consejeros independientes de Pemex y cu\u00f1ado del Presidente Andr\u00e9s Manuel L\u00f3pez Obrador.<\/p>\n\n\n\n<p class=\"has-medium-font-size\">&#8220;Las plazas las bloquearon desde M\u00e9xico, yo lo que les pido muchachos es que cerremos la pinza. Yo estoy reclamando que a mi me falta la gente y no para que me haga trabajos para mi, porque la Refiner\u00eda se est\u00e1 cayendo, no hay preventivo, no hay predictivo, no podemos atender los correctivos, la gente hace falta para levantar la refiner\u00eda. Pero el se\u00f1or que est\u00e1 en M\u00e9xico que es cu\u00f1ado del Presidente dice que no hace falta&#8221;, dijo a trabajadores que protestaron por el bloqueo de plazas.<\/p>\n\n\n\n<p class=\"has-medium-font-size\">&#8220;Hay un se\u00f1or que nos est\u00e1 bloqueando y para que sepan es pariente del Presidente, lleg\u00f3 de la calle y no tiene ni estudios y dice que la gente no hace falta, se\u00f1ores hay que armarnos de pantaloncitos y hay que ir a reclamar a la Torre&#8221;, insisti\u00f3 en un video que circula en redes.<\/p>\n\n\n\n<p>reforma.com<\/p>\n","protected":false},"excerpt":{"rendered":"<p>Se rebela sindicato Trabajadores petroleros de todo el Pa\u00eds iniciaron protestas para denunciar el incumplimiento&#8230;<\/p>\n","protected":false},"author":4,"featured_media":45287,"comment_status":"closed","ping_status":"closed","sticky":false,"template":"","format":"standard","meta":{"footnotes":""},"categories":[4],"tags":[],"class_list":["post-45286","post","type-post","status-publish","format-standard","has-post-thumbnail","hentry","category-noticias-del-dia"],"_links":{"self":[{"href":"https:\/\/bambapolitica.com.mx\/index.php\/wp-json\/wp\/v2\/posts\/45286","targetHints":{"allow":["GET"]}}],"collection":[{"href":"https:\/\/bambapolitica.com.mx\/index.php\/wp-json\/wp\/v2\/posts"}],"about":[{"href":"https:\/\/bambapolitica.com.mx\/index.php\/wp-json\/wp\/v2\/types\/post"}],"author":[{"embeddable":true,"href":"https:\/\/bambapolitica.com.mx\/index.php\/wp-json\/wp\/v2\/users\/4"}],"replies":[{"embeddable":true,"href":"https:\/\/bambapolitica.com.mx\/index.php\/wp-json\/wp\/v2\/comments?post=45286"}],"version-history":[{"count":1,"href":"https:\/\/bambapolitica.com.mx\/index.php\/wp-json\/wp\/v2\/posts\/45286\/revisions"}],"predecessor-version":[{"id":45288,"href":"https:\/\/bambapolitica.com.mx\/index.php\/wp-json\/wp\/v2\/posts\/45286\/revisions\/45288"}],"wp:featuredmedia":[{"embeddable":true,"href":"https:\/\/bambapolitica.com.mx\/index.php\/wp-json\/wp\/v2\/media\/45287"}],"wp:attachment":[{"href":"https:\/\/bambapolitica.com.mx\/index.php\/wp-json\/wp\/v2\/media?parent=45286"}],"wp:term":[{"taxonomy":"category","embeddable":true,"href":"https:\/\/bambapolitica.com.mx\/index.php\/wp-json\/wp\/v2\/categories?post=45286"},{"taxonomy":"post_tag","embeddable":true,"href":"https:\/\/bambapolitica.com.mx\/index.php\/wp-json\/wp\/v2\/tags?post=45286"}],"curies":[{"name":"wp","href":"https:\/\/api.w.org\/{rel}","templated":true}]}}