{"id":45349,"date":"2022-04-28T06:21:07","date_gmt":"2022-04-28T12:21:07","guid":{"rendered":"http:\/\/bambapolitica.com.mx\/?p=45349"},"modified":"2022-04-28T06:22:03","modified_gmt":"2022-04-28T12:22:03","slug":"tonito-recibio-una-bala-perdida-en-edomex-hoy-esta-en-estado-vegetativo-y-sin-apoyo","status":"publish","type":"post","link":"https:\/\/bambapolitica.com.mx\/index.php\/2022\/04\/28\/tonito-recibio-una-bala-perdida-en-edomex-hoy-esta-en-estado-vegetativo-y-sin-apoyo\/","title":{"rendered":"To\u00f1ito recibi\u00f3 una bala perdida en Edomex"},"content":{"rendered":"\n<p class=\"has-medium-font-size\">Hoy est\u00e1 en estado vegetativo y sin apoyo.<\/p>\n\n\n\n<p class=\"has-medium-font-size\">Ni el Ayuntamiento de Los Reyes La Paz o Ixtapaluca, ni la FGJEM, ni la Codhem, ni la UAEMex le han ofrecido acompa\u00f1amiento al joven o a la familia.<\/p>\n\n\n\n<p class=\"has-medium-font-size\">Han pasado dos a\u00f1os desde que una bala perdida se aloj\u00f3 en la cabeza de Antonio Villa Alc\u00e1ntara \u201cTo\u00f1ito\u201d, un joven estudiante de veterinaria en la Universidad Aut\u00f3noma del Estado de M\u00e9xico (UAEMex) que qued\u00f3 en medio de una persecuci\u00f3n en el municipio de Los Reyes La Paz, en el Estado de M\u00e9xico. <\/p>\n\n\n\n<p class=\"has-medium-font-size\">Son dos a\u00f1os de olvido y abandono, \u201cTo\u00f1ito\u201d permanece en estado vegetativo luego de que un polic\u00eda municipal de Ixtapaluca accionara su arma, pero ni el Ayuntamiento, ni la Fiscal\u00eda General de Justicia del Estado de M\u00e9xico (FGJEM), ni la Comisi\u00f3n de Derechos Humanos (Codhem), ni la Universidad Aut\u00f3noma del Estado de M\u00e9xico (UAEMex) le han ofrecido acompa\u00f1amiento al joven o a la familia. <\/p>\n\n\n\n<p class=\"has-medium-font-size\">Familiares y amigos de Antonio Villa Alc\u00e1ntara \u201cTo\u00f1ito\u201d mantuvieron ayer un bloqueo en la carretera M\u00e9xico-Puebla para exigir la detenci\u00f3n del responsable, pero hasta el momento no hay avances en la investigaci\u00f3n, ni en la reparaci\u00f3n del da\u00f1o. <\/p>\n\n\n\n<p class=\"has-medium-font-size\">Con carteles y lonas los padres de To\u00f1o se plantaron en la carretera frente a la fiscal\u00eda con sede en Ixtapaluca para exigir la atenci\u00f3n de las autoridades, pues a ra\u00edz del incidente ahora el joven necesita medicamentos costosos y terapias que no pueden pagar. <\/p>\n\n\n\n<p class=\"has-medium-font-size\">\u201cYa son dos a\u00f1os, m\u00e1s de dos a\u00f1os y no nos dan respuesta, dicen que no va a sancionar al polic\u00eda porque fue un accidente, pero destruy\u00f3 la vida de mi hijo y a\u00fan as\u00ed hay delitos culposos y delitos dolosos, s\u00e9 que lo de mi To\u00f1ito fue culposo pero debe haber un castigo por ello porque como \u00e9l, miles de j\u00f3venes salen a trabajar y a estudiar para tener una vida mejor y se encuentran con esto\u201d, asegur\u00f3 Guadalupe Alc\u00e1ntara, madre de Antonio.<\/p>\n\n\n\n<p class=\"has-medium-font-size\"><strong>Qued\u00f3 en medio de una persecuci\u00f3n<\/strong><\/p>\n\n\n\n<p class=\"has-medium-font-size\">Antonio Villa Alc\u00e1ntara estudiaba para M\u00e9dico Veterinario Zootecnista en la Universidad Aut\u00f3noma del Estado de M\u00e9xico (UAEMex) campus Amecameca, el pasado 27 de febrero de 2020, cuando regresaba a su vivienda ubicada en Los Reyes La Paz recibi\u00f3 una bala perdida en la cabeza. <\/p>\n\n\n\n<p class=\"has-medium-font-size\">Presuntamente el disparo fue efectuado por un elemento de la polic\u00eda municipal de Ixtapaluca -identificado como Luis Alberto &#8220;N&#8221;- durante una persecuci\u00f3n de delincuentes, que hab\u00edan robado telefon\u00eda celular de una tienda de conveniencia. <\/p>\n\n\n\n<p class=\"has-medium-font-size\">Antonio baj\u00f3 de la unidad de transporte p\u00fablico cuando la bala impact\u00f3 su cabeza y fue hospitalizado durante m\u00e1s de dos meses; logr\u00f3 sobrevivir pero est\u00e1 da\u00f1ado en 90 por ciento del cuerpo.<\/p>\n\n\n\n<p class=\"has-medium-font-size\">\u201cLa bala le da\u00f1\u00f3 ambos hemisferios del cerebro, mi hijo hoy no habla, no ve, ni escucha, no mueve la mitad del cuerpo, mi hijo era estudiante, trabajaba, era conductor de radio tambi\u00e9n, el d\u00eda de hoy no sabe ni siquiera qu\u00e9 es un l\u00e1piz, no sabe ni c\u00f3mo se llama\u201d, asegur\u00f3 su madre.<\/p>\n\n\n\n<p>milenio<\/p>\n","protected":false},"excerpt":{"rendered":"<p>Hoy est\u00e1 en estado vegetativo y sin apoyo. Ni el Ayuntamiento de Los Reyes La&#8230;<\/p>\n","protected":false},"author":4,"featured_media":45360,"comment_status":"closed","ping_status":"closed","sticky":false,"template":"","format":"standard","meta":{"footnotes":""},"categories":[4],"tags":[],"class_list":["post-45349","post","type-post","status-publish","format-standard","has-post-thumbnail","hentry","category-noticias-del-dia"],"_links":{"self":[{"href":"https:\/\/bambapolitica.com.mx\/index.php\/wp-json\/wp\/v2\/posts\/45349","targetHints":{"allow":["GET"]}}],"collection":[{"href":"https:\/\/bambapolitica.com.mx\/index.php\/wp-json\/wp\/v2\/posts"}],"about":[{"href":"https:\/\/bambapolitica.com.mx\/index.php\/wp-json\/wp\/v2\/types\/post"}],"author":[{"embeddable":true,"href":"https:\/\/bambapolitica.com.mx\/index.php\/wp-json\/wp\/v2\/users\/4"}],"replies":[{"embeddable":true,"href":"https:\/\/bambapolitica.com.mx\/index.php\/wp-json\/wp\/v2\/comments?post=45349"}],"version-history":[{"count":2,"href":"https:\/\/bambapolitica.com.mx\/index.php\/wp-json\/wp\/v2\/posts\/45349\/revisions"}],"predecessor-version":[{"id":45362,"href":"https:\/\/bambapolitica.com.mx\/index.php\/wp-json\/wp\/v2\/posts\/45349\/revisions\/45362"}],"wp:featuredmedia":[{"embeddable":true,"href":"https:\/\/bambapolitica.com.mx\/index.php\/wp-json\/wp\/v2\/media\/45360"}],"wp:attachment":[{"href":"https:\/\/bambapolitica.com.mx\/index.php\/wp-json\/wp\/v2\/media?parent=45349"}],"wp:term":[{"taxonomy":"category","embeddable":true,"href":"https:\/\/bambapolitica.com.mx\/index.php\/wp-json\/wp\/v2\/categories?post=45349"},{"taxonomy":"post_tag","embeddable":true,"href":"https:\/\/bambapolitica.com.mx\/index.php\/wp-json\/wp\/v2\/tags?post=45349"}],"curies":[{"name":"wp","href":"https:\/\/api.w.org\/{rel}","templated":true}]}}