{"id":45459,"date":"2022-04-29T07:18:29","date_gmt":"2022-04-29T13:18:29","guid":{"rendered":"http:\/\/bambapolitica.com.mx\/?p=45459"},"modified":"2022-04-29T07:18:30","modified_gmt":"2022-04-29T13:18:30","slug":"lo-que-quiere-amlo-con-su-reforma-electoral","status":"publish","type":"post","link":"https:\/\/bambapolitica.com.mx\/index.php\/2022\/04\/29\/lo-que-quiere-amlo-con-su-reforma-electoral\/","title":{"rendered":"Lo que quiere AMLO con su reforma electoral"},"content":{"rendered":"\n<p class=\"has-medium-font-size\">El presidente L\u00f3pez Obrador buscar\u00e1 que el rechazo a esta propuesta por el Congreso le signifique respaldo por parte de los ciudadanos.<\/p>\n\n\n\n<p class=\"has-medium-font-size\">\u00bfPor qu\u00e9 raz\u00f3n el presidente de la Rep\u00fablica envi\u00f3 ayer al Congreso de la Uni\u00f3n una iniciativa de reforma constitucional que en principio pareciera condenada al fracaso?<\/p>\n\n\n\n<p class=\"has-medium-font-size\">M\u00e1s que los detalles del contenido de la reforma pol\u00edtico-electoral, para entenderla, quiz\u00e1s lo m\u00e1s relevante sea responder a esa pregunta.<\/p>\n\n\n\n<p class=\"has-medium-font-size\">En realidad ya conoc\u00edamos una buena parte del contenido de esta propuesta.<\/p>\n\n\n\n<p class=\"has-medium-font-size\">Quiz\u00e1s la mayor sorpresa ha sido el hecho de que uno de sus planteamientos fuera la eliminaci\u00f3n de los diputados de mayor\u00eda relativa, m\u00e1s que la eliminaci\u00f3n de los legisladores plurinominales.<\/p>\n\n\n\n<p class=\"has-medium-font-size\">Como ya muchos explicaron ayer, el planteamiento de la reforma implica dejar exclusivamente en el Congreso a diputados de Representaci\u00f3n Proporcional, ahora sobre la base de 32 listas, una por entidad, y no de las cinco circunscripciones presentes hasta ahora.<\/p>\n\n\n\n<p class=\"has-medium-font-size\">Otro de los ingredientes sorpresivos fue el hecho de que se le diera luz verde al voto electr\u00f3nico.<\/p>\n\n\n\n<p class=\"has-medium-font-size\">Los dos aspectos parecieran interesantes y debatibles.<\/p>\n\n\n\n<p class=\"has-medium-font-size\">Sin embargo, lo sustantivo de la reforma constitucional presentada es el prop\u00f3sito del presidente de la Rep\u00fablica de reinventar a las autoridades electorales, tanto el Instituto Nacional Electoral (INE), como el Tribunal Electoral del Poder Judicial de la Federaci\u00f3n (TEPJF).<\/p>\n\n\n\n<p class=\"has-medium-font-size\">El primero se convertir\u00eda en el Instituto de Elecciones y Consultas y el segundo en otra Sala de la Corte.<\/p>\n\n\n\n<p class=\"has-medium-font-size\">En ambos casos, cambiar\u00edan completamente los mecanismos de designaci\u00f3n y ser\u00edan por elecci\u00f3n popular a propuesta de los tres poderes de la Uni\u00f3n.<\/p>\n\n\n\n<p class=\"has-medium-font-size\">Esto hoy, construir\u00eda autoridades electorales claramente proclives a Morena.<\/p>\n\n\n\n<p class=\"has-medium-font-size\">El presidente sabe que puede \u201cvender\u201d a los ciudadanos, de manera exitosa, esta reforma, sobre la base de plantear que se trata de quitar privilegios, hacer m\u00e1s barata la democracia, y conseguir que los ciudadanos sean representados de manera m\u00e1s directa.<\/p>\n\n\n\n<p class=\"has-medium-font-size\">Pero, m\u00e1s all\u00e1 del respaldo popular que la iniciativa pueda obtener, es claro que no va a contar con los votos necesarios para obtener una reforma constitucional.<\/p>\n\n\n\n<p class=\"has-medium-font-size\">Un respaldo de la oposici\u00f3n a esta propuesta implicar\u00eda un virtual suicidio. Aunque hay incompetencias de los opositores, hasta ahora por lo menos, pareciera que no hay vocaciones suicidas.<\/p>\n\n\n\n<p class=\"has-medium-font-size\">As\u00ed que, tal vez como en el caso de la reforma el\u00e9ctrica, se convoque a un parlamento abierto, en el cual se expresen muchos ciudadanos con relaci\u00f3n a virtudes y defectos de la propuesta.<\/p>\n\n\n\n<p class=\"has-medium-font-size\">Sin embargo, al final de cuentas, sea que se vote en el periodo ordinario que comienza en septiembre o bien en alg\u00fan periodo extraordinario, todo indica que ser\u00e1 rechazada.<\/p>\n\n\n\n<p class=\"has-medium-font-size\">\u00bfCu\u00e1l es entonces el sentido de enviarla ahora?<\/p>\n\n\n\n<p class=\"has-medium-font-size\">Como en el caso de la reforma el\u00e9ctrica, el presidente L\u00f3pez Obrador buscar\u00e1 que el rechazo a esta propuesta por el Congreso le signifique respaldo por parte de los ciudadanos.<\/p>\n\n\n\n<p class=\"has-medium-font-size\">Buscar\u00e1 convertir el rechazo de los partidos opositores en cr\u00edticas por rechazar presuntamente una participaci\u00f3n m\u00e1s directa de la ciudadan\u00eda en la definici\u00f3n de la autoridad electoral y en la reducci\u00f3n del costo de la democracia.<\/p>\n\n\n\n<p class=\"has-medium-font-size\">Pero, creo que esa expectativa hoy es ilusoria.<\/p>\n\n\n\n<p class=\"has-medium-font-size\">Los ciudadanos han entendido, desde que empez\u00f3 a discutirse la revocaci\u00f3n de mandato, que en buena medida, el fondo de estas propuestas presidenciales es buscar crear las condiciones para la permanencia de Morena y sus aliados en el poder.<\/p>\n\n\n\n<p class=\"has-medium-font-size\">Ese es el \u00fanico sentido de esta reforma electoral.<\/p>\n\n\n\n<p class=\"has-medium-font-size\">La ciudadan\u00eda seguramente tendr\u00e1 opiniones divididas, como en muchos otros temas. Habr\u00e1 que ver lo que dicen las encuestas.<\/p>\n\n\n\n<p class=\"has-medium-font-size\">Pero, claro, si la oposici\u00f3n act\u00faa con la torpeza con la que a veces lo ha hecho, con su rechazo, podr\u00eda darle votos a Morena.<\/p>\n\n\n\n<p class=\"has-medium-font-size\">Veremos si hay la inteligencia necesaria para hacer que la reforma pol\u00edtica-electoral sea un costo para el presidente o si \u00e9ste le saca la ventaja que espera.e<\/p>\n","protected":false},"excerpt":{"rendered":"<p>El presidente L\u00f3pez Obrador buscar\u00e1 que el rechazo a esta propuesta por el Congreso le&#8230;<\/p>\n","protected":false},"author":4,"featured_media":45462,"comment_status":"closed","ping_status":"closed","sticky":false,"template":"","format":"standard","meta":{"footnotes":""},"categories":[15],"tags":[],"class_list":["post-45459","post","type-post","status-publish","format-standard","has-post-thumbnail","hentry","category-opinion"],"_links":{"self":[{"href":"https:\/\/bambapolitica.com.mx\/index.php\/wp-json\/wp\/v2\/posts\/45459","targetHints":{"allow":["GET"]}}],"collection":[{"href":"https:\/\/bambapolitica.com.mx\/index.php\/wp-json\/wp\/v2\/posts"}],"about":[{"href":"https:\/\/bambapolitica.com.mx\/index.php\/wp-json\/wp\/v2\/types\/post"}],"author":[{"embeddable":true,"href":"https:\/\/bambapolitica.com.mx\/index.php\/wp-json\/wp\/v2\/users\/4"}],"replies":[{"embeddable":true,"href":"https:\/\/bambapolitica.com.mx\/index.php\/wp-json\/wp\/v2\/comments?post=45459"}],"version-history":[{"count":1,"href":"https:\/\/bambapolitica.com.mx\/index.php\/wp-json\/wp\/v2\/posts\/45459\/revisions"}],"predecessor-version":[{"id":45463,"href":"https:\/\/bambapolitica.com.mx\/index.php\/wp-json\/wp\/v2\/posts\/45459\/revisions\/45463"}],"wp:featuredmedia":[{"embeddable":true,"href":"https:\/\/bambapolitica.com.mx\/index.php\/wp-json\/wp\/v2\/media\/45462"}],"wp:attachment":[{"href":"https:\/\/bambapolitica.com.mx\/index.php\/wp-json\/wp\/v2\/media?parent=45459"}],"wp:term":[{"taxonomy":"category","embeddable":true,"href":"https:\/\/bambapolitica.com.mx\/index.php\/wp-json\/wp\/v2\/categories?post=45459"},{"taxonomy":"post_tag","embeddable":true,"href":"https:\/\/bambapolitica.com.mx\/index.php\/wp-json\/wp\/v2\/tags?post=45459"}],"curies":[{"name":"wp","href":"https:\/\/api.w.org\/{rel}","templated":true}]}}