{"id":45469,"date":"2022-04-29T18:53:28","date_gmt":"2022-04-30T00:53:28","guid":{"rendered":"http:\/\/bambapolitica.com.mx\/?p=45469"},"modified":"2022-04-29T18:53:29","modified_gmt":"2022-04-30T00:53:29","slug":"arranca-la-feria-del-libro-chimalhuacan-2022","status":"publish","type":"post","link":"https:\/\/bambapolitica.com.mx\/index.php\/2022\/04\/29\/arranca-la-feria-del-libro-chimalhuacan-2022\/","title":{"rendered":"Arranca la feria del libro Chimalhuac\u00e1n 2022"},"content":{"rendered":"\n<p class=\"has-medium-font-size\">Chimalhuac\u00e1n, Estado de M\u00e9xico, a 29 de abril de 2022<\/p>\n\n\n\n<p class=\"has-medium-font-size\">La Feria del Libro Chimalhuac\u00e1n 2022 fue inaugurada este viernes en el Corredor Tur\u00edstico Guerrero Chimalli, ubicado sobre Avenida del Pe\u00f1\u00f3n, en la que convergen 60 expositores de editoriales locales como Montenegro, Fridaura, Brigadas para leer en libertad, entre otros. Y estar\u00e1 abierta hasta el pr\u00f3ximo domingo para que el p\u00fablico en general acuda a buscar t\u00edtulos de todos los g\u00e9neros literarios.<\/p>\n\n\n\n<p class=\"has-medium-font-size\">La Directora de la Biblioteca P\u00fablica Amoxtlatiloyan, Marlene Mart\u00ednez Rodr\u00edguez, coment\u00f3 que en los tres d\u00edas de exposici\u00f3n participar\u00e1n diferentes literatos, como escritor argentino Alejandro Niemand, autor del libro &#8220;Viaje a trav\u00e9s de los ojos&#8221;, y el tambi\u00e9n escritor Francisco Cruz, autor de &#8220;Los depredadores&#8221;.<\/p>\n\n\n\n<p class=\"has-medium-font-size\">&#8220;El objetivo es fomentar la cultura como v\u00eda principal de desarrollo, valorar la lectura como eje fundamental del aprendizaje y, a partir de ah\u00ed, construir un espacio de lectura con f\u00e1cil acceso al acervo cultural&#8221;, destac\u00f3 y a\u00f1adi\u00f3: Debemos despertar la imaginaci\u00f3n y ver la lectura como una llave para abrir otras dimensiones.<\/p>\n\n\n\n<p class=\"has-medium-font-size\">En la Feria del Libro, la gente podr\u00e1 encontrar t\u00edtulos literarios como \u201cEl Quijote\u201d de Miguel de Cervantes Saavedra, \u201cLa Il\u00edada\u201d y \u201cLa Odisea\u201d de Homero, \u201cCaballo de Troya\u201d, \u201cSangre Azteca\u201d, as\u00ed como obras de Karl Marx, Julio Verne, Nicol\u00e1s Maquiavelo, entre otros.<\/p>\n\n\n\n<p class=\"has-medium-font-size\">Tambi\u00e9n se encontrar\u00e1n libros de matem\u00e1ticas, ortograf\u00eda, olimpiadas del conocimiento, libros especializados en arquitectura, odontolog\u00eda, salud, comida, religi\u00f3n, f\u00fatbol, sopas de letras, entre otros.<\/p>\n\n\n\n<p class=\"has-medium-font-size\">Y para los ni\u00f1os libros de destreza mental, alfabeto matem\u00e1tico, cuentos de aventura y libros did\u00e1cticos.<\/p>\n\n\n\n<p class=\"has-medium-font-size\">El encargado de inaugurar la Feria del Libro fue el Primer S\u00edndico Municipal, Faustino Filem\u00f3n M\u00e9ndez L\u00e1zaro, acompa\u00f1ado de Miguel Rom\u00e1n Vallejo, Director de Egresos, y Jes\u00fas Gabriel M\u00e9ndez, del Departamento de Grupos Culturales.<\/p>\n","protected":false},"excerpt":{"rendered":"<p>Chimalhuac\u00e1n, Estado de M\u00e9xico, a 29 de abril de 2022 La Feria del Libro Chimalhuac\u00e1n&#8230;<\/p>\n","protected":false},"author":4,"featured_media":45470,"comment_status":"closed","ping_status":"closed","sticky":false,"template":"","format":"standard","meta":{"footnotes":""},"categories":[4],"tags":[],"class_list":["post-45469","post","type-post","status-publish","format-standard","has-post-thumbnail","hentry","category-noticias-del-dia"],"_links":{"self":[{"href":"https:\/\/bambapolitica.com.mx\/index.php\/wp-json\/wp\/v2\/posts\/45469","targetHints":{"allow":["GET"]}}],"collection":[{"href":"https:\/\/bambapolitica.com.mx\/index.php\/wp-json\/wp\/v2\/posts"}],"about":[{"href":"https:\/\/bambapolitica.com.mx\/index.php\/wp-json\/wp\/v2\/types\/post"}],"author":[{"embeddable":true,"href":"https:\/\/bambapolitica.com.mx\/index.php\/wp-json\/wp\/v2\/users\/4"}],"replies":[{"embeddable":true,"href":"https:\/\/bambapolitica.com.mx\/index.php\/wp-json\/wp\/v2\/comments?post=45469"}],"version-history":[{"count":2,"href":"https:\/\/bambapolitica.com.mx\/index.php\/wp-json\/wp\/v2\/posts\/45469\/revisions"}],"predecessor-version":[{"id":45481,"href":"https:\/\/bambapolitica.com.mx\/index.php\/wp-json\/wp\/v2\/posts\/45469\/revisions\/45481"}],"wp:featuredmedia":[{"embeddable":true,"href":"https:\/\/bambapolitica.com.mx\/index.php\/wp-json\/wp\/v2\/media\/45470"}],"wp:attachment":[{"href":"https:\/\/bambapolitica.com.mx\/index.php\/wp-json\/wp\/v2\/media?parent=45469"}],"wp:term":[{"taxonomy":"category","embeddable":true,"href":"https:\/\/bambapolitica.com.mx\/index.php\/wp-json\/wp\/v2\/categories?post=45469"},{"taxonomy":"post_tag","embeddable":true,"href":"https:\/\/bambapolitica.com.mx\/index.php\/wp-json\/wp\/v2\/tags?post=45469"}],"curies":[{"name":"wp","href":"https:\/\/api.w.org\/{rel}","templated":true}]}}