{"id":45832,"date":"2022-05-13T10:39:09","date_gmt":"2022-05-13T16:39:09","guid":{"rendered":"http:\/\/bambapolitica.com.mx\/?p=45832"},"modified":"2022-05-13T10:39:11","modified_gmt":"2022-05-13T16:39:11","slug":"lobo-que-mordio-a-menor-permanecera-en-el-parque-del-pueblo-en-nezahualcoyotl","status":"publish","type":"post","link":"https:\/\/bambapolitica.com.mx\/index.php\/2022\/05\/13\/lobo-que-mordio-a-menor-permanecera-en-el-parque-del-pueblo-en-nezahualcoyotl\/","title":{"rendered":"Lobo que mordi\u00f3 a menor permanecer\u00e1 en el Parque del Pueblo en Nezahualc\u00f3yotl"},"content":{"rendered":"\n<p>Actualmente la edad de este lobo ya es avanzada, por lo que se apuesta por su bienestar.<br>El lobo que mordi\u00f3 a un ni\u00f1o de nueve a\u00f1os, en el Parque del Pueblo en Nezahualc\u00f3yotl, permanecer\u00e1 en esa sede, inform\u00f3 el coordinador de Zool\u00f3gicos de la Comisi\u00f3n Estatal de Parque Naturales y de la Fauna (Cepanaf), Santiago Nyssen G\u00f3mez.<\/p>\n\n\n\n<p><br>El funcionario detall\u00f3 que este ejemplar fue rescatado, luego de que la Procuradur\u00eda Federal de Protecci\u00f3n al Ambiente (Profepa) lo pusiera bajo cuidado, hace aproximadamente 11 a\u00f1os.<br>Puntualiz\u00f3 que actualmente la edad de este lobo ya es avanzada, por lo que se apuesta por su bienestar, tanto en materia de salud, como en su alimentaci\u00f3n, garantiz\u00e1ndole un lugar seguro y conocido. \u201cNo se va hacer ning\u00fan tipo de manejo con el animal, va a permanecer ah\u00ed en su zona. Fue una lamentable situaci\u00f3n, el lobo va a permanecer en las mismas instalaciones, pues ya lleva viviendo ah\u00ed m\u00e1s de dos a\u00f1os, es un lobo rescatado\u201d.<\/p>\n\n\n\n<p><br>El funcionario reiter\u00f3 a las familias la importancia de que sean respetuosos, que lean los se\u00f1alamientos y acaten la informaci\u00f3n que se proporciona, adem\u00e1s de no saltarse las barreras con las que cuentan las \u00e1reas de cuidado animal.<br><\/p>\n\n\n\n<p>\u201cLes pedimos que siempre respeten los se\u00f1alamientos y las barreras f\u00edsicas que se ponen, que siempre es por el bienestar tanto del p\u00fablico, como de los animales. Las recomendaciones son que respeten los barandales, las mallas, las barreras que se llegan a poner, as\u00ed como los se\u00f1alamientos de precauci\u00f3n\u201d.<a href=\"http:\/\/bambapolitica.blogspot.com\/2022\/05\/lobo-que-mordio-menor-permanecera-en-el.html\">http:\/\/bambapolitica.blogspot.com\/2022\/05\/lobo-que-mordio-menor-permanecera-en-el.html<\/a><\/p>\n","protected":false},"excerpt":{"rendered":"<p>Actualmente la edad de este lobo ya es avanzada, por lo que se apuesta por&#8230;<\/p>\n","protected":false},"author":3,"featured_media":45833,"comment_status":"closed","ping_status":"closed","sticky":false,"template":"","format":"standard","meta":{"footnotes":""},"categories":[4],"tags":[],"class_list":["post-45832","post","type-post","status-publish","format-standard","has-post-thumbnail","hentry","category-noticias-del-dia"],"_links":{"self":[{"href":"https:\/\/bambapolitica.com.mx\/index.php\/wp-json\/wp\/v2\/posts\/45832","targetHints":{"allow":["GET"]}}],"collection":[{"href":"https:\/\/bambapolitica.com.mx\/index.php\/wp-json\/wp\/v2\/posts"}],"about":[{"href":"https:\/\/bambapolitica.com.mx\/index.php\/wp-json\/wp\/v2\/types\/post"}],"author":[{"embeddable":true,"href":"https:\/\/bambapolitica.com.mx\/index.php\/wp-json\/wp\/v2\/users\/3"}],"replies":[{"embeddable":true,"href":"https:\/\/bambapolitica.com.mx\/index.php\/wp-json\/wp\/v2\/comments?post=45832"}],"version-history":[{"count":1,"href":"https:\/\/bambapolitica.com.mx\/index.php\/wp-json\/wp\/v2\/posts\/45832\/revisions"}],"predecessor-version":[{"id":45834,"href":"https:\/\/bambapolitica.com.mx\/index.php\/wp-json\/wp\/v2\/posts\/45832\/revisions\/45834"}],"wp:featuredmedia":[{"embeddable":true,"href":"https:\/\/bambapolitica.com.mx\/index.php\/wp-json\/wp\/v2\/media\/45833"}],"wp:attachment":[{"href":"https:\/\/bambapolitica.com.mx\/index.php\/wp-json\/wp\/v2\/media?parent=45832"}],"wp:term":[{"taxonomy":"category","embeddable":true,"href":"https:\/\/bambapolitica.com.mx\/index.php\/wp-json\/wp\/v2\/categories?post=45832"},{"taxonomy":"post_tag","embeddable":true,"href":"https:\/\/bambapolitica.com.mx\/index.php\/wp-json\/wp\/v2\/tags?post=45832"}],"curies":[{"name":"wp","href":"https:\/\/api.w.org\/{rel}","templated":true}]}}