{"id":46857,"date":"2022-06-26T07:49:00","date_gmt":"2022-06-26T13:49:00","guid":{"rendered":"http:\/\/bambapolitica.com.mx\/?p=46857"},"modified":"2022-06-23T08:27:46","modified_gmt":"2022-06-23T14:27:46","slug":"el-campo-debe-ser-prioridad-en-la-agenda-politica-economica-ccem","status":"publish","type":"post","link":"https:\/\/bambapolitica.com.mx\/index.php\/2022\/06\/26\/el-campo-debe-ser-prioridad-en-la-agenda-politica-economica-ccem\/","title":{"rendered":"El campo debe ser prioridad en la agenda pol\u00edtica-econ\u00f3mica: CCEM"},"content":{"rendered":"\n<p>26 junio 2022<\/p>\n\n\n\n<p>La presidenta de la CCEM declar\u00f3 que el agro tiene potencial para convertirse en el motor econ\u00f3mico del estado durante los pr\u00f3ximos a\u00f1os<br>Tras la presentaci\u00f3n del Censo Agropecuario 2022, la presidenta del Consejo Coordinador Empresarial del Estado de M\u00e9xico (CCEM), Laura Gonz\u00e1lez Hern\u00e1ndez, se\u00f1al\u00f3 que una vez que se presenten los resultados definitivos exhortar\u00e1n a las autoridades estatales a considerar al campo como actividad prioritaria en la agenda pol\u00edtica-econ\u00f3mica, se impulse el consumo interno y se respeten los recursos o el presupuesto del sector. \u201cContar con toda esta informaci\u00f3n nos permitir\u00e1 saber hacia d\u00f3nde vamos y qu\u00e9 pretendemos del sector agropecuario\u201d, declar\u00f3 la presidenta En conferencia se prensa conjunta con el Inegi, apunt\u00f3 que su intenci\u00f3n es que todo lo que se produce en la entidad tenga consumo y comercializaci\u00f3n en el mercado interno a trav\u00e9s del sector comercio y prestadores de servicios para generar poco a poco capacidad para exportar. Afirm\u00f3 que est\u00e1 ser\u00e1 una de las prioridades de la agenda pol\u00edtica-econ\u00f3mica con los pr\u00f3ximos candidatos a puestos de elecci\u00f3n popular. \u201cBuscamos que se le d\u00e9 el lugar de actividad econ\u00f3mica, porque lo es y el propio Inegi reconoce al sector agropecuario como actividad econ\u00f3mica y debe trascender en todas las pol\u00edticas p\u00fablicas del Estado de M\u00e9xico, en todos los niveles y es un tema que ya llevamos incluso la Legislatura\u201d, apunt\u00f3 Laura Gonz\u00e1lez.<br>Asimismo, buscar\u00e1n que los productores tengan acceso a todos los programas y acciones de las Secretar\u00edas de Desarrollo Econ\u00f3mico y del Campo, que actualmente los tienen pero deben ir m\u00e1s all\u00e1 de los apoyos sociales, los cuales son muy v\u00e1lidos. \u201cpedimos que sea considerado una actividad econ\u00f3mica en la pr\u00e1ctica y se considere a los productores como a cualquier empresario, es decir, que tengan acceso a la capacitaci\u00f3n, investigaci\u00f3n y vinculaci\u00f3n\u201d, expres\u00f3 Gonz\u00e1lez Hern\u00e1ndez Asegur\u00f3 el CCEM har\u00e1 crecer la representaci\u00f3n y arropar\u00e1n a todo el sector agropecuario, tengan o no a organismos constituidos, pues el agro tiene potencial para convertirse en el motor econ\u00f3mico del estado durante los pr\u00f3ximos a\u00f1os y para ello se requieren ajustes estructurales en la administraci\u00f3n p\u00fablica y respecto al presupuesto que se destina a las \u00e1reas de este sector. \u201cBuscaremos que quede blindado el presupuesto correspondiente a la investigaci\u00f3n y desarrollo que actualmente existen, capacitaci\u00f3n, incentivos, financiamiento y promoci\u00f3n econ\u00f3mica, es decir, todo lo que tenga destinado la Secretar\u00eda del Campo y la Sedeco quede blindado y no se transforme en apoyos sociales\u201d. Destac\u00f3 que el Estado de M\u00e9xico tiene 676 mil terrenos con potencial para catalogarse como unidades econ\u00f3micas, 383 mil unidades de producci\u00f3n y 871 mil terrenos de \u00e1rea rural donde se desarrolla actividad agropecuaria.<br>Asimismo, Gonz\u00e1lez Hern\u00e1ndez record\u00f3 que las actividades primarias representan el 1.4 por ciento del Producto Interno Bruto (PIB) en la entidad y de acuerdo con la Encuesta Nacional de Ocupaci\u00f3n y Empleo (ENOE) en el pa\u00eds hay 6.4 millones de personas que se dedican al campo. \u201cRespecto del nacional el Estado de M\u00e9xico tiene 13 por ciento del personal ocupado, en esa proporci\u00f3n hay poco m\u00e1s de 800 mil personas dedicadas al campo, seg\u00fan nuestras propias estimaciones basados en el INEGI, cifra que esperamos confirmar despu\u00e9s del Censo\u201d, declar\u00f3 la presidenta. Por su parte, Javier Reyes Escamilla, presidente de la Uni\u00f3n Ganadera Regi\u00f3n Centro-Norte en la entidad, dijo que el Censo se tard\u00f3 mucho en llegar y esperan que presente cifras reales, pues hay personas que tienen actividad econ\u00f3mica en el campo y la complementan con otras actividades, es decir, entre 20 y 30 por ciento de las actividades agr\u00edcolas son de ingresos externos que la sociedad urbana dice tener. \u201cEn el mercado internacional hay mucha demanda de tuna en el mercado asi\u00e1tico, lo mismo que la carne de cerdo. En Capulhuac se ha desarrollado muy bien la regi\u00f3n barbacollera hasta Tianguistenco y Almoloya del R\u00edo, mientras en Mexicaltzingo tiene su fuerte en la carne de cerdo. En la entidad hay mucho potencia porque la gente sabe producir\u201d.<\/p>\n","protected":false},"excerpt":{"rendered":"<p>26 junio 2022 La presidenta de la CCEM declar\u00f3 que el agro tiene potencial para&#8230;<\/p>\n","protected":false},"author":3,"featured_media":46858,"comment_status":"closed","ping_status":"closed","sticky":false,"template":"","format":"standard","meta":{"footnotes":""},"categories":[4],"tags":[],"class_list":["post-46857","post","type-post","status-publish","format-standard","has-post-thumbnail","hentry","category-noticias-del-dia"],"_links":{"self":[{"href":"https:\/\/bambapolitica.com.mx\/index.php\/wp-json\/wp\/v2\/posts\/46857","targetHints":{"allow":["GET"]}}],"collection":[{"href":"https:\/\/bambapolitica.com.mx\/index.php\/wp-json\/wp\/v2\/posts"}],"about":[{"href":"https:\/\/bambapolitica.com.mx\/index.php\/wp-json\/wp\/v2\/types\/post"}],"author":[{"embeddable":true,"href":"https:\/\/bambapolitica.com.mx\/index.php\/wp-json\/wp\/v2\/users\/3"}],"replies":[{"embeddable":true,"href":"https:\/\/bambapolitica.com.mx\/index.php\/wp-json\/wp\/v2\/comments?post=46857"}],"version-history":[{"count":1,"href":"https:\/\/bambapolitica.com.mx\/index.php\/wp-json\/wp\/v2\/posts\/46857\/revisions"}],"predecessor-version":[{"id":46859,"href":"https:\/\/bambapolitica.com.mx\/index.php\/wp-json\/wp\/v2\/posts\/46857\/revisions\/46859"}],"wp:featuredmedia":[{"embeddable":true,"href":"https:\/\/bambapolitica.com.mx\/index.php\/wp-json\/wp\/v2\/media\/46858"}],"wp:attachment":[{"href":"https:\/\/bambapolitica.com.mx\/index.php\/wp-json\/wp\/v2\/media?parent=46857"}],"wp:term":[{"taxonomy":"category","embeddable":true,"href":"https:\/\/bambapolitica.com.mx\/index.php\/wp-json\/wp\/v2\/categories?post=46857"},{"taxonomy":"post_tag","embeddable":true,"href":"https:\/\/bambapolitica.com.mx\/index.php\/wp-json\/wp\/v2\/tags?post=46857"}],"curies":[{"name":"wp","href":"https:\/\/api.w.org\/{rel}","templated":true}]}}