{"id":46903,"date":"2022-06-24T08:28:27","date_gmt":"2022-06-24T14:28:27","guid":{"rendered":"http:\/\/bambapolitica.com.mx\/?p=46903"},"modified":"2022-06-24T08:28:27","modified_gmt":"2022-06-24T14:28:27","slug":"filtran-nuevo-audio-relacionado-con-el-fiscal-alejandro-gertz-manero","status":"publish","type":"post","link":"https:\/\/bambapolitica.com.mx\/index.php\/2022\/06\/24\/filtran-nuevo-audio-relacionado-con-el-fiscal-alejandro-gertz-manero\/","title":{"rendered":"Filtran nuevo audio relacionado con el fiscal Alejandro Gertz Manero"},"content":{"rendered":"\n<p>viernes, 24 de junio de 2022<\/p>\n\n\n\n<p>Esta es la segunda ocasi\u00f3n en este a\u00f1o que Gertz Manero aparece en una filtraci\u00f3n de audios, la primera ocurri\u00f3 a inicios de marzo<br>Una nueva filtraci\u00f3n de audios de conversaciones telef\u00f3nicas sobre el caso de Emilio Lozoya, principal implicado en el pa\u00eds del esc\u00e1ndalo de sobornos de Odebrecht en M\u00e9xico, han puesto nuevamente los reflectores sobre el titular de la Fiscal\u00eda General de la Rep\u00fablica (FGR) de M\u00e9xico, Alejandro Gertz Manero.<\/p>\n\n\n\n<p>Los audios, dados a conocer en redes sociales este jueves, muestran las presuntas negociaciones entre Gertz Manero y Emilio Lozoya Thalmann, padre del exdirector de Petr\u00f3leos Mexicanos (Pemex), Emilio Lozoya, para que se desistan de un amparo y Gertz le sugiere cambiar de abogado porque si no \u201clas cosas se van a echar a perder\u201d.<br>En una parte de los di\u00e1logos extra\u00eddos de uno de los audios, Gertz Manero le pide a Lozoya Thalmann retirar al abogado del caso y que se hagan las cosas como \u00e9l lo sugiere.<\/p>\n\n\n\n<p>\u201cYo no acepto dobles lenguajes, \u00bfeh?\u201d, dice Gertz Manero y agrega: \u201cni las jugadas de ese pinche bandido del abogadete ese\u201d.<\/p>\n\n\n\n<p>M\u00e1s adelante, Lozoya Thalmman le ofrece una disculpa a Gertz Manero y le dice: \u201cvoy a meter orden ac\u00e1, estamos muy agradecidos de ayer, trabajando sobre lo que la orientaci\u00f3n que nos indicaste\u201d.<\/p>\n\n\n\n<p>A lo que Gertz contesta, \u201cque se desista del amparo y ya no metas a ese cabr\u00f3n, por favor, enfrente, porque las cosas las va a echar a perder\u201d.<\/p>\n\n\n\n<p>Esta es la segunda ocasi\u00f3n en este a\u00f1o que Gertz Manero aparece en una filtraci\u00f3n de audios, la primera ocurri\u00f3 a inicios de marzo mediante audios publicados en YouTube en los que el fiscal conversa con Juan Ramos, hombre de su confianza.<\/p>\n\n\n\n<p>En estas conversaciones hablan de un juicio en la Suprema Corte de Justicia de la Naci\u00f3n y revelan una supuesta intervenci\u00f3n de Gertz Manero para lograr que el alto tribunal apruebe una resoluci\u00f3n en su favor en el caso que impulsa contra la expareja y la exhijastra de su hermano Federico, a quienes acusa de haberlo asesinado.<\/p>\n\n\n\n<p>Los audios de este jueves llegan despu\u00e9s de que, precisamente, la FGR informara el pasado 6 de junio que Lozoya continuar\u00eda en prisi\u00f3n preventiva sin ning\u00fan beneficio procesal, debido a que no ha cumplido con la reparaci\u00f3n del da\u00f1o en los dos procesos que enfrenta.<\/p>\n\n\n\n<p>Lozoya, quien fue arrestado en Espa\u00f1a a principios de 2020 y extraditado a M\u00e9xico a mediados de ese a\u00f1o, tiene dos casos abiertos ante la justicia, ambos por corrupci\u00f3n.<\/p>\n\n\n\n<p>El primero es sobre la compra a sobreprecio de la planta inservible Agronitrogenados al empresario Alonso Ancira, due\u00f1o de Altos Hornos de M\u00e9xico (Ahmsa), a cambio de sobornos.<\/p>\n\n\n\n<p>Y el segundo, por haber recibido presuntamente 10.5 millones de d\u00f3lares en sobornos de Odebrecht durante la campa\u00f1a y la presidencia de Enrique Pe\u00f1a Nieto (2012-2018).<\/p>\n\n\n\n<p>En un comunicado, la FGR dijo ese d\u00eda que en el caso Odebrecht y Agronitrogenados, Lozoya \u201cno ha cumplido con la reparaci\u00f3n del da\u00f1o\u201d que es obligatoria en ambos casos y por lo tanto \u201ccontin\u00faa el procedimiento sin ning\u00fan beneficio procesal\u201d.<\/p>\n\n\n\n<p>A Lozoya, quien dirigi\u00f3 la petrolera del Estado de 2012 a 2016, bajo la administraci\u00f3n del presidente Enrique Pe\u00f1a Nieto, M\u00e9xico lo extradit\u00f3 desde Espa\u00f1a como testigo protegido de la Fiscal\u00eda a cambio de inculpar a otros pol\u00edticos, pero el pasado noviembre ingres\u00f3 en prisi\u00f3n preventiva tras protagonizar un esc\u00e1ndalo por cenar en un restaurante de lujo.<\/p>\n","protected":false},"excerpt":{"rendered":"<p>viernes, 24 de junio de 2022 Esta es la segunda ocasi\u00f3n en este a\u00f1o que&#8230;<\/p>\n","protected":false},"author":3,"featured_media":46904,"comment_status":"closed","ping_status":"closed","sticky":false,"template":"","format":"standard","meta":{"footnotes":""},"categories":[4],"tags":[],"class_list":["post-46903","post","type-post","status-publish","format-standard","has-post-thumbnail","hentry","category-noticias-del-dia"],"_links":{"self":[{"href":"https:\/\/bambapolitica.com.mx\/index.php\/wp-json\/wp\/v2\/posts\/46903","targetHints":{"allow":["GET"]}}],"collection":[{"href":"https:\/\/bambapolitica.com.mx\/index.php\/wp-json\/wp\/v2\/posts"}],"about":[{"href":"https:\/\/bambapolitica.com.mx\/index.php\/wp-json\/wp\/v2\/types\/post"}],"author":[{"embeddable":true,"href":"https:\/\/bambapolitica.com.mx\/index.php\/wp-json\/wp\/v2\/users\/3"}],"replies":[{"embeddable":true,"href":"https:\/\/bambapolitica.com.mx\/index.php\/wp-json\/wp\/v2\/comments?post=46903"}],"version-history":[{"count":1,"href":"https:\/\/bambapolitica.com.mx\/index.php\/wp-json\/wp\/v2\/posts\/46903\/revisions"}],"predecessor-version":[{"id":46905,"href":"https:\/\/bambapolitica.com.mx\/index.php\/wp-json\/wp\/v2\/posts\/46903\/revisions\/46905"}],"wp:featuredmedia":[{"embeddable":true,"href":"https:\/\/bambapolitica.com.mx\/index.php\/wp-json\/wp\/v2\/media\/46904"}],"wp:attachment":[{"href":"https:\/\/bambapolitica.com.mx\/index.php\/wp-json\/wp\/v2\/media?parent=46903"}],"wp:term":[{"taxonomy":"category","embeddable":true,"href":"https:\/\/bambapolitica.com.mx\/index.php\/wp-json\/wp\/v2\/categories?post=46903"},{"taxonomy":"post_tag","embeddable":true,"href":"https:\/\/bambapolitica.com.mx\/index.php\/wp-json\/wp\/v2\/tags?post=46903"}],"curies":[{"name":"wp","href":"https:\/\/api.w.org\/{rel}","templated":true}]}}