{"id":47075,"date":"2022-06-29T07:04:22","date_gmt":"2022-06-29T13:04:22","guid":{"rendered":"http:\/\/bambapolitica.com.mx\/?p=47075"},"modified":"2022-06-29T07:04:24","modified_gmt":"2022-06-29T13:04:24","slug":"nadie-repetira-ano-sep-pide-no-reprobar-alumnos-por-segundo-ano-consecutivo","status":"publish","type":"post","link":"https:\/\/bambapolitica.com.mx\/index.php\/2022\/06\/29\/nadie-repetira-ano-sep-pide-no-reprobar-alumnos-por-segundo-ano-consecutivo\/","title":{"rendered":"\u00a1Nadie repetir\u00e1 a\u00f1o! SEP pide no reprobar alumnos por segundo a\u00f1o consecutivo"},"content":{"rendered":"\n<p>mi\u00e9rcoles, 29 de junio de 2022<\/p>\n\n\n\n<p>La SEP determin\u00f3, por segundo a\u00f1o consecutivo, que todos los alumnos deben pasar de a\u00f1o, debido a la pandemia de covid-19.<\/p>\n\n\n\n<p>La Secretar\u00eda de Educaci\u00f3n P\u00fablica (SEP) llam\u00f3, por segundo a\u00f1o consecutivo, a no reprobar a los alumnos en el ciclo escolar 2021-2022, debido a la pandemia de covid-19.<\/p>\n\n\n\n<p>La dependencia indic\u00f3 que los estudiantes de primaria y secundaria no podr\u00e1n obtener una calificaci\u00f3n menor a seis.<\/p>\n\n\n\n<p>El pasado 28 de junio fue publicado en el Diario Oficial de la Federaci\u00f3n (DOF), el Acuerdo 11\/06\/22 por el que se regulan las acciones espec\u00edficas y extraordinarias para la conclusi\u00f3n del ciclo escolar 2021-2022, y el inicio del ciclo escolar 2022-2023.<\/p>\n\n\n\n<p>El documento se\u00f1ala que el registro de calificaciones finales para el ciclo escolar 2021-2022 tomar\u00e1 en cuenta los logros de los aprendizajes y considerar\u00e1 los niveles de comunicaci\u00f3n y participaci\u00f3n en las actividades se\u00f1aladas por los docentes.<\/p>\n\n\n\n<p>Los padres de familia o tutores podr\u00e1n apoyar en la demostraci\u00f3n de las actividades desarrolladas por sus hijos durante el periodo de evaluaci\u00f3n como parte del acompa\u00f1amiento realizado.<\/p>\n\n\n\n<p>\u201cEn todos los casos en que se asiente una calificaci\u00f3n num\u00e9rica en la boleta de evaluaci\u00f3n de las y los estudiantes de educaci\u00f3n primaria y secundaria, la calificaci\u00f3n que deber\u00e1 registrarse no podr\u00e1 ser inferior a seis\u201d, indica el documento.<\/p>\n\n\n\n<p>Para garantizar el tr\u00e1nsito de los estudiantes al siguiente nivel educativo, el acuerdo permite la implementaci\u00f3n de procesos de regularizaci\u00f3n y evaluaci\u00f3n general de conocimientos. No obstante, traslada la responsabilidad a las entidades y los docentes.<\/p>\n\n\n\n<p>\u201cSe exhorta a las autoridades educativas de las 32 entidades del pa\u00eds, docentes, madres y padres de familia o tutores, y dem\u00e1s integrantes del sistema, a facilitar la reincorporaci\u00f3n de los estudiantes al servicio educativo y a generar condiciones para prevenir y atender el abandono escolar\u201d, expone el acuerdo.<\/p>\n\n\n\n<p>Adem\u00e1s, indica los elementos a considerar por docentes frente a grupo y\/o titulares de asignatura para la evaluaci\u00f3n de aprendizajes, con base en el plan y programas de estudio vigentes; el desempe\u00f1o de estudiantes en periodos de evaluaci\u00f3n; los resultados de las valoraciones diagn\u00f3sticas, y la realizaci\u00f3n de trabajos y actividades acad\u00e9micas que demuestren los saberes adquiridos.<\/p>\n\n\n\n<p>Se establece un periodo extraordinario de recuperaci\u00f3n desde el inicio del ciclo escolar 2022-2023 hasta el t\u00e9rmino del primer periodo de evaluaci\u00f3n.<\/p>\n\n\n\n<p>A partir de los resultados obtenidos en las valoraciones diagn\u00f3sticas se dise\u00f1ar\u00e1 un plan de atenci\u00f3n de aprendizajes prioritarios elaborado bajo el esquema de nivelaci\u00f3n por grado escolar y\/o asignatura, seg\u00fan el nivel de que se trate.<\/p>\n\n\n\n<p>\u201cEl plan de atenci\u00f3n de aprendizajes prioritarios se aplicar\u00e1 a todas y todos los estudiantes sin excepci\u00f3n, dando prioridad a aquellos con niveles de comunicaci\u00f3n y participaci\u00f3n intermitente y comunicaci\u00f3n pr\u00e1cticamente inexistente en el ciclo escolar 2021-2022\u201d, agrega el documento.<\/p>\n\n\n\n<p>Para asegurar la reincorporaci\u00f3n de las y los estudiantes que se encuentran con estatus de baja en el sistema de control escolar se aplicar\u00e1n las Normas espec\u00edficas de control escolar relativas a la inscripci\u00f3n, reinscripci\u00f3n, acreditaci\u00f3n, promoci\u00f3n, regularizaci\u00f3n y certificaci\u00f3n en la educaci\u00f3n b\u00e1sica.<\/p>\n\n\n\n<p>La inscripci\u00f3n y reinscripci\u00f3n de los estudiantes se realizar\u00e1 de manera inmediata al nivel que corresponda, ya sea presencialmente o en l\u00ednea, con el fin de garantizar su ingreso al servicio educativo para el ciclo escolar 2022-2023.<\/p>\n\n\n\n<p>Para ello, se realizar\u00e1 un intercambio de informaci\u00f3n entre las \u00e1reas de control escolar de las autoridades educativas locales.<a href=\"http:\/\/bambapolitica.blogspot.com\/2022\/06\/nadie-repetira-ano-sep-pide-no-reprobar.html\">http:\/\/bambapolitica.blogspot.com\/2022\/06\/nadie-repetira-ano-sep-pide-no-reprobar.html<\/a><\/p>\n","protected":false},"excerpt":{"rendered":"<p>mi\u00e9rcoles, 29 de junio de 2022 La SEP determin\u00f3, por segundo a\u00f1o consecutivo, que todos&#8230;<\/p>\n","protected":false},"author":3,"featured_media":47076,"comment_status":"closed","ping_status":"closed","sticky":false,"template":"","format":"standard","meta":{"footnotes":""},"categories":[4],"tags":[],"class_list":["post-47075","post","type-post","status-publish","format-standard","has-post-thumbnail","hentry","category-noticias-del-dia"],"_links":{"self":[{"href":"https:\/\/bambapolitica.com.mx\/index.php\/wp-json\/wp\/v2\/posts\/47075","targetHints":{"allow":["GET"]}}],"collection":[{"href":"https:\/\/bambapolitica.com.mx\/index.php\/wp-json\/wp\/v2\/posts"}],"about":[{"href":"https:\/\/bambapolitica.com.mx\/index.php\/wp-json\/wp\/v2\/types\/post"}],"author":[{"embeddable":true,"href":"https:\/\/bambapolitica.com.mx\/index.php\/wp-json\/wp\/v2\/users\/3"}],"replies":[{"embeddable":true,"href":"https:\/\/bambapolitica.com.mx\/index.php\/wp-json\/wp\/v2\/comments?post=47075"}],"version-history":[{"count":1,"href":"https:\/\/bambapolitica.com.mx\/index.php\/wp-json\/wp\/v2\/posts\/47075\/revisions"}],"predecessor-version":[{"id":47077,"href":"https:\/\/bambapolitica.com.mx\/index.php\/wp-json\/wp\/v2\/posts\/47075\/revisions\/47077"}],"wp:featuredmedia":[{"embeddable":true,"href":"https:\/\/bambapolitica.com.mx\/index.php\/wp-json\/wp\/v2\/media\/47076"}],"wp:attachment":[{"href":"https:\/\/bambapolitica.com.mx\/index.php\/wp-json\/wp\/v2\/media?parent=47075"}],"wp:term":[{"taxonomy":"category","embeddable":true,"href":"https:\/\/bambapolitica.com.mx\/index.php\/wp-json\/wp\/v2\/categories?post=47075"},{"taxonomy":"post_tag","embeddable":true,"href":"https:\/\/bambapolitica.com.mx\/index.php\/wp-json\/wp\/v2\/tags?post=47075"}],"curies":[{"name":"wp","href":"https:\/\/api.w.org\/{rel}","templated":true}]}}