{"id":47334,"date":"2022-07-06T07:49:06","date_gmt":"2022-07-06T13:49:06","guid":{"rendered":"http:\/\/bambapolitica.com.mx\/?p=47334"},"modified":"2022-07-06T07:49:08","modified_gmt":"2022-07-06T13:49:08","slug":"cndh-pide-a-imss-indemnizar-a-mujer-por-amputacion-erronea-de-ambas-piernas","status":"publish","type":"post","link":"https:\/\/bambapolitica.com.mx\/index.php\/2022\/07\/06\/cndh-pide-a-imss-indemnizar-a-mujer-por-amputacion-erronea-de-ambas-piernas\/","title":{"rendered":"CNDH pide a IMSS indemnizar a mujer por amputaci\u00f3n err\u00f3nea de ambas piernas"},"content":{"rendered":"\n<p>mi\u00e9rcoles, 6 de julio de 2022<\/p>\n\n\n\n<p>El IMSS analizar\u00e1 la recomendaci\u00f3n de la CNDH para indemnizar a una mujer de Quer\u00e9taro a quien se le amputaron ambas piernas por error.<br>La Comisi\u00f3n Nacional de los Derechos Humanos (CNDH) pidi\u00f3 al Instituto Mexicano del Seguro Social (IMSS) \u201creparaci\u00f3n integral del da\u00f1o\u201d para una mujer en el centro del pa\u00eds por la amputaci\u00f3n por error de las dos piernas y la extirpaci\u00f3n del \u00fatero.<br>\u201cTransgredieron los derechos a la protecci\u00f3n de la salud, a la integridad personal, a la salud sexual y reproductiva, y da\u00f1aron el proyecto de vida de una mujer de 27 a\u00f1os por diagn\u00f3stico, tratamiento y seguimiento m\u00e9dico inadecuados\u201d, detall\u00f3 la Comisi\u00f3n en un comunicado.<br>Seg\u00fan el organismo, la v\u00edctima, de 27 a\u00f1os, requer\u00eda el retiro de un dispositivo intrauterino (DIU) que se encontraba traslocado (en posici\u00f3n inadecuada) y que tambi\u00e9n fue retirado con un procedimiento err\u00f3neo.<br>Esto \u201cpudo desencadenar una infecci\u00f3n generalizada y, en consecuencia, la amputaci\u00f3n de ambas piernas, la extirpaci\u00f3n del \u00fatero y un ovario\u201c.<br>En la queja presentada por la joven, seg\u00fan inform\u00f3 la CNDH, se\u00f1al\u00f3 que, en septiembre de 2018, acudi\u00f3 en al menos 3 ocasiones a una unidad de medicina familiar del IMSS en Quer\u00e9taro por un dolor abdominal, por lo que le diagnosticaron infecci\u00f3n en v\u00edas urinarias y colitis, ante lo que se le indic\u00f3 tratamiento.<br>Adem\u00e1s, detall\u00f3 que acudi\u00f3 al \u00e1rea de gineco-obstetricia de un hospital regional para retirarle un DIU que se encontraba traslocado, mismo que \u201cfue extra\u00eddo con pinzas sin realizar previamente un ultrasonido o estudios de rayos X\u201d.<br>Tres d\u00edas despu\u00e9s, la mujer se present\u00f3 con dolor lumbar en la unidad m\u00e9dica, donde le diagnosticaron lumbalgia aguda.<br>\u201cLa situaci\u00f3n de la v\u00edctima evolucion\u00f3 desfavorablemente, por lo que se present\u00f3 en el \u00e1rea de urgencias de la unidad familiar y de ah\u00ed fue trasladada al hospital regional, donde ingres\u00f3 por grave p\u00e9rdida de sangre, gastroenteritis infecciosa y deshidrataci\u00f3n severa\u201c, detall\u00f3 el comunicado.<br>Ante lo anterior, la CNDH solicit\u00f3 al director general del IMSS, Zo\u00e9 Robledo, que proceda a la \u201cinmediata\u201d reparaci\u00f3n del da\u00f1o.<br>\u201cIncluyendo el pago de una compensaci\u00f3n econ\u00f3mica suficiente; se procure a la v\u00edctima el acceso a programas sociales que le brinden oportunidades de desarrollo, y se le otorguen becas en favor de sus dos familiares directamente afectados\u201d, indic\u00f3 la CNDH.<br>Las v\u00edctimas tambi\u00e9n deber\u00e1n recibir la atenci\u00f3n psicol\u00f3gica y psiqui\u00e1trica requerida y el IMSS deber\u00e1 brindar atenci\u00f3n m\u00e9dica vitalicia como consecuencia de la discapacidad permanente y las secuelas, as\u00ed como los dispositivos de pr\u00f3tesis requeridos.<br>\u201cSe deber\u00e1 colaborar con el \u00d3rgano Interno de Control en el IMSS para que se tramite y d\u00e9 seguimiento a la denuncia que se presentar\u00e1 en contra de las personas servidoras p\u00fablicas se\u00f1aladas como responsables\u201d, se\u00f1ala el comunicado.<br>En respuesta, el Seguro Social indic\u00f3 que analizar\u00e1 la recomendaci\u00f3n al tiempo que refrend\u00f3 su disposici\u00f3n de cooperar, toda vez que tiene como compromiso el cuidado de la salud oportuna y adecuada hacia los derechohabientes.<a href=\"http:\/\/bambapolitica.blogspot.com\/2022\/07\/cndh-pide-imss-indemnizar-mujer-por.html\">http:\/\/bambapolitica.blogspot.com\/2022\/07\/cndh-pide-imss-indemnizar-mujer-por.html<\/a><\/p>\n","protected":false},"excerpt":{"rendered":"<p>mi\u00e9rcoles, 6 de julio de 2022 El IMSS analizar\u00e1 la recomendaci\u00f3n de la CNDH para&#8230;<\/p>\n","protected":false},"author":3,"featured_media":47335,"comment_status":"closed","ping_status":"closed","sticky":false,"template":"","format":"standard","meta":{"footnotes":""},"categories":[4],"tags":[],"class_list":["post-47334","post","type-post","status-publish","format-standard","has-post-thumbnail","hentry","category-noticias-del-dia"],"_links":{"self":[{"href":"https:\/\/bambapolitica.com.mx\/index.php\/wp-json\/wp\/v2\/posts\/47334","targetHints":{"allow":["GET"]}}],"collection":[{"href":"https:\/\/bambapolitica.com.mx\/index.php\/wp-json\/wp\/v2\/posts"}],"about":[{"href":"https:\/\/bambapolitica.com.mx\/index.php\/wp-json\/wp\/v2\/types\/post"}],"author":[{"embeddable":true,"href":"https:\/\/bambapolitica.com.mx\/index.php\/wp-json\/wp\/v2\/users\/3"}],"replies":[{"embeddable":true,"href":"https:\/\/bambapolitica.com.mx\/index.php\/wp-json\/wp\/v2\/comments?post=47334"}],"version-history":[{"count":1,"href":"https:\/\/bambapolitica.com.mx\/index.php\/wp-json\/wp\/v2\/posts\/47334\/revisions"}],"predecessor-version":[{"id":47336,"href":"https:\/\/bambapolitica.com.mx\/index.php\/wp-json\/wp\/v2\/posts\/47334\/revisions\/47336"}],"wp:featuredmedia":[{"embeddable":true,"href":"https:\/\/bambapolitica.com.mx\/index.php\/wp-json\/wp\/v2\/media\/47335"}],"wp:attachment":[{"href":"https:\/\/bambapolitica.com.mx\/index.php\/wp-json\/wp\/v2\/media?parent=47334"}],"wp:term":[{"taxonomy":"category","embeddable":true,"href":"https:\/\/bambapolitica.com.mx\/index.php\/wp-json\/wp\/v2\/categories?post=47334"},{"taxonomy":"post_tag","embeddable":true,"href":"https:\/\/bambapolitica.com.mx\/index.php\/wp-json\/wp\/v2\/tags?post=47334"}],"curies":[{"name":"wp","href":"https:\/\/api.w.org\/{rel}","templated":true}]}}