{"id":47606,"date":"2022-07-13T08:36:17","date_gmt":"2022-07-13T14:36:17","guid":{"rendered":"http:\/\/bambapolitica.com.mx\/?p=47606"},"modified":"2022-07-13T08:36:18","modified_gmt":"2022-07-13T14:36:18","slug":"biden-llega-a-israel-para-su-primer-gira-por-medio-oriente-como-presidente","status":"publish","type":"post","link":"https:\/\/bambapolitica.com.mx\/index.php\/2022\/07\/13\/biden-llega-a-israel-para-su-primer-gira-por-medio-oriente-como-presidente\/","title":{"rendered":"Biden llega a Israel para su primer gira por Medio Oriente como presidente"},"content":{"rendered":"\n<p>mi\u00e9rcoles, 13 de julio de 2022<\/p>\n\n\n\n<p>El presidente Joe Biden lleg\u00f3 a Israel para su primera gira por Medio Oriente, en la que visitar\u00e1 Cisjordania y Arabia Saudita<br>El presidente de Estados Unidos, Joe Biden, lleg\u00f3 a bordo del Air Force One al aeropuerto Ben Guri\u00f3n, cerca de Tel Aviv, para su primera gira por Medio Oriente desde que asumi\u00f3 el cargo en enero del 2021 y que tambi\u00e9n lo llevar\u00e1 a Arabia Saudita.<br>Con el cielo completamente despejado, el avi\u00f3n presidencial Air Force One se pos\u00f3 en la pista minutos antes de la hora prevista, a las 15:10 h local, y recorri\u00f3 varios metros hasta situarse frente a la alfombra roja en la que esperaba la comitiva de bienvenida.<br>El primero en salir del avi\u00f3n fue Biden que llevaba sus tradicionales gafas de sol de aviador.<br>La delegaci\u00f3n estadounidense est\u00e1 integrada entre otros por el secretario de Estado de EE.UU., Antony Blinken; el asesor de Seguridad Nacional de la Casa Blanca, Jake Sullivan; y el asesor del presidente para Medio Oriente, Brett McGurk.<br>A Biden le recibieron justo debajo de las escaleras del avi\u00f3n el primer ministro israel\u00ed en funciones, Yair Lapid, el presidente Isaac Herzog y el exprimer ministro Naftali Benet.<br>Sonaron los himnos nacionales de los dos pa\u00edses y, a continuaci\u00f3n, est\u00e1 previsto que Biden y Lapid hagan unas declaraciones.<br>En el mismo aeropuerto, Biden se reunir\u00e1 con el ministro de Defensa israel\u00ed, Beny Gantz, para hablar sobre cooperaci\u00f3n en materia de seguridad.<br>En concreto, Gantz ofrecer\u00e1 a Biden detalles del funcionamiento de su sistema antimisiles C\u00fapula de Hierro, para que el Congreso de EE.UU. ha aprobado mil millones de d\u00f3lares solo este a\u00f1o, y tambi\u00e9n de un nuevo sistema antimisiles de tecnolog\u00eda l\u00e1ser.<br>Despu\u00e9s de ese encuentro, Biden se desplazar\u00e1 a Yad Vashem, el museo del Holocausto de Jerusal\u00e9n.<br>Esta es la primera escala de la gira a Medio Oriente de Biden, que permanecer\u00e1 en Israel hoy y ma\u00f1ana jueves para trasladarse el viernes a Cisjordania y partir ese mismo d\u00eda hacia Arabia Saudita.<br>En la ciudad saud\u00ed de Yeda, Biden se reunir\u00e1 el viernes con el pr\u00edncipe heredero y gobernador de facto del pa\u00eds, Mohamed bin Salm\u00e1n, y el rey saud\u00ed, Salm\u00e1n bin Abdulaziz.<br>La visita oficial a Israel marca la d\u00e9cima vez que Biden viaja a ese pa\u00eds como alto funcionario en un lapso de medio siglo, un r\u00e9cord que supera a cualquier otro presidente estadounidense.<br>Las visitas anteriores las hizo en calidad de presidente del Comit\u00e9 de Relaciones Exteriores del Senado o como vicepresidente de EE.UU., cargo que ocup\u00f3 entre 2009 y 2017.<\/p>\n","protected":false},"excerpt":{"rendered":"<p>mi\u00e9rcoles, 13 de julio de 2022 El presidente Joe Biden lleg\u00f3 a Israel para su&#8230;<\/p>\n","protected":false},"author":3,"featured_media":47607,"comment_status":"closed","ping_status":"closed","sticky":false,"template":"","format":"standard","meta":{"footnotes":""},"categories":[5],"tags":[],"class_list":["post-47606","post","type-post","status-publish","format-standard","has-post-thumbnail","hentry","category-internacional"],"_links":{"self":[{"href":"https:\/\/bambapolitica.com.mx\/index.php\/wp-json\/wp\/v2\/posts\/47606","targetHints":{"allow":["GET"]}}],"collection":[{"href":"https:\/\/bambapolitica.com.mx\/index.php\/wp-json\/wp\/v2\/posts"}],"about":[{"href":"https:\/\/bambapolitica.com.mx\/index.php\/wp-json\/wp\/v2\/types\/post"}],"author":[{"embeddable":true,"href":"https:\/\/bambapolitica.com.mx\/index.php\/wp-json\/wp\/v2\/users\/3"}],"replies":[{"embeddable":true,"href":"https:\/\/bambapolitica.com.mx\/index.php\/wp-json\/wp\/v2\/comments?post=47606"}],"version-history":[{"count":1,"href":"https:\/\/bambapolitica.com.mx\/index.php\/wp-json\/wp\/v2\/posts\/47606\/revisions"}],"predecessor-version":[{"id":47608,"href":"https:\/\/bambapolitica.com.mx\/index.php\/wp-json\/wp\/v2\/posts\/47606\/revisions\/47608"}],"wp:featuredmedia":[{"embeddable":true,"href":"https:\/\/bambapolitica.com.mx\/index.php\/wp-json\/wp\/v2\/media\/47607"}],"wp:attachment":[{"href":"https:\/\/bambapolitica.com.mx\/index.php\/wp-json\/wp\/v2\/media?parent=47606"}],"wp:term":[{"taxonomy":"category","embeddable":true,"href":"https:\/\/bambapolitica.com.mx\/index.php\/wp-json\/wp\/v2\/categories?post=47606"},{"taxonomy":"post_tag","embeddable":true,"href":"https:\/\/bambapolitica.com.mx\/index.php\/wp-json\/wp\/v2\/tags?post=47606"}],"curies":[{"name":"wp","href":"https:\/\/api.w.org\/{rel}","templated":true}]}}