{"id":49443,"date":"2022-08-30T08:18:16","date_gmt":"2022-08-30T14:18:16","guid":{"rendered":"http:\/\/bambapolitica.com.mx\/?p=49443"},"modified":"2022-08-30T08:18:18","modified_gmt":"2022-08-30T14:18:18","slug":"morena-pelea-en-el-senado","status":"publish","type":"post","link":"https:\/\/bambapolitica.com.mx\/index.php\/2022\/08\/30\/morena-pelea-en-el-senado\/","title":{"rendered":"Morena, \u00bfpelea en el Senado?"},"content":{"rendered":"\n<p>martes, 30 de agosto de 2022<\/p>\n\n\n\n<p>Monreal hab\u00eda tomado el control administrativo de la C\u00e1mara Alta, incluso antes de la instalaci\u00f3n de esa instancia. Batres qued\u00f3 con escaso margen de maniobra, pero supo romper el cerco y construy\u00f3 una oficina robusta, con staff y asesores con sueldos blindados<\/p>\n\n\n\n<p><br>Para el a\u00f1o legislativo que arrancar\u00e1 el pr\u00f3ximo jueves 1, en Palacio Nacional quisieran prorrogar la experiencia iniciada por Olga S\u00e1nchez Cordero y colocar a un cercano, como presidente de la Mesa Directiva en el Senado de la Rep\u00fablica.<\/p>\n\n\n\n<p><br>Al arranque del sexenio, para preservar los equilibrios precarios, Ricardo Monreal negoci\u00f3 con los puros. El exgobernador zacatecano ten\u00eda la palabra presidencial y encabezar\u00eda la Junta de Coordinaci\u00f3n Pol\u00edtica, pero fue desafiado por esa minor\u00eda morenista, que respald\u00f3 a Mart\u00ed Batres, quien a cambio obtuvo la presidencia de la mesa de debates en el primer a\u00f1o de la LXIV Legislatura.<\/p>\n\n\n\n<p><br>Monreal hab\u00eda tomado el control administrativo de la C\u00e1mara Alta, incluso antes de la instalaci\u00f3n de esa instancia. Batres qued\u00f3 con escaso margen de maniobra, pero supo romper el cerco y construy\u00f3 una oficina robusta, con staff y asesores con sueldos blindados.<\/p>\n\n\n\n<p><br>Al siguiente a\u00f1o \u2014en un gui\u00f1o a Palacio Nacional que resultaba revelador sobre su relaci\u00f3n con AMLO\u2014, Monreal se decant\u00f3 por la senadora tabasque\u00f1a M\u00f3nica Fern\u00e1ndez Balboa, no obstante que los puros iban con Imelda Castro, de Sinaloa, y otra facci\u00f3n impulsaba a la tlaxcalteca Ana Lilia Rivera.<br>Hasta el \u00faltimo a\u00f1o de la LXIV Legislatura, Monreal pudo colocar a un cercano al frente de la mesa directiva. En apenas un a\u00f1o, el chiapaneco \u00d3scar Eduardo Ram\u00edrez Aguilar brinc\u00f3 de la vicepresidencia de la Jucopo a la directiva de los debates y despu\u00e9s, a la presidencia de la Comisi\u00f3n de Puntos Constitucionales.<\/p>\n\n\n\n<p><br>Alternadamente, dos hombres y dos mujeres han encabezado al Senado. Para el pen\u00faltimo a\u00f1o del sexenio, Gabriel Garc\u00eda Hern\u00e1ndez \u2014uno de los cuatro aspirantes al cargo\u2014 propuso aplicar el m\u00e9todo obradorista para la soluci\u00f3n de los diferendos: una t\u00f3mbola.<\/p>\n\n\n\n<p><br>\u00bfY el Estatuto partidista? \u00bfY el Reglamento interno del Senado? El legislador capitalino, sin mayores respaldos, puso en la mesa esa opci\u00f3n con el mismo objetivo que anima la postulaci\u00f3n del mexiquense Higinio Mart\u00ednez: evitar una votaci\u00f3n que exhiba la fractura interna.<\/p>\n\n\n\n<p><br>Mart\u00ednez Miranda entr\u00f3 en la disputa por la mesa directiva apenas hace dos semanas. Su apuesta es por una candidatura \u00fanica. Los otros involucrados son Alejandro Armenta y Jos\u00e9 Narro C\u00e9spedes, quienes por separado cabildearon dentro y fuera del recinto legislativo.<br>Gabriel Garc\u00eda propuso la t\u00f3mbola, a sabiendas de que ser\u00e1 descartado. Y cuando eso ocurra oficialmente \u2014en la sesi\u00f3n de ma\u00f1ana\u2014 , retirar\u00e1 su candidatura. Y entonces se ver\u00e1 si prevalece la unidad o hay votaci\u00f3n. En cualquier escenario, Higinio Mart\u00ednez es el favorito.<br>Efectos secundarios<\/p>\n\n\n\n<p><br>\u00bfDESPRECIOS? Con una intensa vida social y una innegable injerencia pol\u00edtica, el exgobernador del Estado de M\u00e9xico, Arturo Montiel Rojas quiso lanzar una se\u00f1al indubitable con un \u201cdesayuno de la unidad\u201d con los principales liderazgos priistas en la entidad. Al llamado respondieron Alejandra del Moral y Laura Barrera, dos de las aspirantes a la candidatura. Nadie sabe por qu\u00e9 se abstuvo de asistir Ana Lilia Herrera.<br>COMPLICACIONES. Con poco menos de 15% del mercado de los operadores de telefon\u00eda m\u00f3vil, despu\u00e9s de Telcel y Movistar, ATT ha perdido clientela y tambi\u00e9n puntos de venta. Su directora, M\u00f3nica Aspe, tendr\u00e1 que atender un mandamiento judicial y presentarse personalmente para formular la contestaci\u00f3n de la demanda de Metropoli Celular, seg\u00fan el expediente del juicio mercantil 313\/2022 que se desahoga en el juzgado 34\u00b0 de lo civil de proceso oral en la CDMX.<\/p>\n","protected":false},"excerpt":{"rendered":"<p>martes, 30 de agosto de 2022 Monreal hab\u00eda tomado el control administrativo de la C\u00e1mara&#8230;<\/p>\n","protected":false},"author":3,"featured_media":47836,"comment_status":"closed","ping_status":"closed","sticky":false,"template":"","format":"standard","meta":{"footnotes":""},"categories":[15],"tags":[],"class_list":["post-49443","post","type-post","status-publish","format-standard","has-post-thumbnail","hentry","category-opinion"],"_links":{"self":[{"href":"https:\/\/bambapolitica.com.mx\/index.php\/wp-json\/wp\/v2\/posts\/49443","targetHints":{"allow":["GET"]}}],"collection":[{"href":"https:\/\/bambapolitica.com.mx\/index.php\/wp-json\/wp\/v2\/posts"}],"about":[{"href":"https:\/\/bambapolitica.com.mx\/index.php\/wp-json\/wp\/v2\/types\/post"}],"author":[{"embeddable":true,"href":"https:\/\/bambapolitica.com.mx\/index.php\/wp-json\/wp\/v2\/users\/3"}],"replies":[{"embeddable":true,"href":"https:\/\/bambapolitica.com.mx\/index.php\/wp-json\/wp\/v2\/comments?post=49443"}],"version-history":[{"count":1,"href":"https:\/\/bambapolitica.com.mx\/index.php\/wp-json\/wp\/v2\/posts\/49443\/revisions"}],"predecessor-version":[{"id":49444,"href":"https:\/\/bambapolitica.com.mx\/index.php\/wp-json\/wp\/v2\/posts\/49443\/revisions\/49444"}],"wp:featuredmedia":[{"embeddable":true,"href":"https:\/\/bambapolitica.com.mx\/index.php\/wp-json\/wp\/v2\/media\/47836"}],"wp:attachment":[{"href":"https:\/\/bambapolitica.com.mx\/index.php\/wp-json\/wp\/v2\/media?parent=49443"}],"wp:term":[{"taxonomy":"category","embeddable":true,"href":"https:\/\/bambapolitica.com.mx\/index.php\/wp-json\/wp\/v2\/categories?post=49443"},{"taxonomy":"post_tag","embeddable":true,"href":"https:\/\/bambapolitica.com.mx\/index.php\/wp-json\/wp\/v2\/tags?post=49443"}],"curies":[{"name":"wp","href":"https:\/\/api.w.org\/{rel}","templated":true}]}}