{"id":49445,"date":"2022-08-30T18:23:00","date_gmt":"2022-08-31T00:23:00","guid":{"rendered":"http:\/\/bambapolitica.com.mx\/?p=49445"},"modified":"2022-08-30T08:24:31","modified_gmt":"2022-08-30T14:24:31","slug":"si-la-corte-resuelve-que-no-va-a-haber-prision-preventiva-no-quiero-ser-complice-amlo","status":"publish","type":"post","link":"https:\/\/bambapolitica.com.mx\/index.php\/2022\/08\/30\/si-la-corte-resuelve-que-no-va-a-haber-prision-preventiva-no-quiero-ser-complice-amlo\/","title":{"rendered":"Si la Corte resuelve que no va a haber prisi\u00f3n preventiva, no quiero ser c\u00f3mplice: AMLO"},"content":{"rendered":"\n<p>martes, 30 de agosto de 2022<\/p>\n\n\n\n<p>El presidente L\u00f3pez Obrador volvi\u00f3 a presionar a la Suprema Corte por el tema de la prisi\u00f3n preventiva, que se discutir\u00e1 el 5 de septiembre<\/p>\n\n\n\n<p><br>El presidente Andr\u00e9s Manuel L\u00f3pez Obrador volvi\u00f3 a presionar a la Suprema Corte de Justicia de la Naci\u00f3n (SCJN) por el tema de La prisi\u00f3n preventiva oficiosa.<\/p>\n\n\n\n<p><br>En la conferencia matutina de Palacio Nacional, L\u00f3pez Obrador dej\u00f3 en claro que si la Corte declara invalida la prisi\u00f3n preventiva, no quiere ser c\u00f3mplice de dicha decisi\u00f3n.<\/p>\n\n\n\n<p><br>\u201cSi la Corte resuelve de que ya no va a haber esta prisi\u00f3n preventiva y que van a poder salir como entran los delincuentes, yo respeto la decisi\u00f3n, pero no quiero ser c\u00f3mplice\u201d, declar\u00f3.<br>\u201cNo quiero que el d\u00eda de ma\u00f1ana, que ustedes me digan \u2018oiga, \u00bfy por qu\u00e9 sali\u00f3 de la c\u00e1rcel este delincuente de cuello blanco?\u2019, y tener que repetir \u2018pues no fuimos nosotros, fue el juez, fue el Poder Judicial, pero ya sali\u00f3\u2019. Y entonces M\u00e9xico seguir\u00e1 siendo el pa\u00eds de la corrupci\u00f3n y la impunidad\u201d, puntualiz\u00f3.<\/p>\n\n\n\n<p><br>La Suprema Corte de Justicia de la Naci\u00f3n pospuso la semana pasada la discusi\u00f3n del proyecto para eliminar la prisi\u00f3n preventiva oficiosa.<br>Al iniciar la sesi\u00f3n del Pleno de l 25 de agosto, el ministro presidente Arturo Zald\u00edvar inform\u00f3 que los asuntos relacionados con la prisi\u00f3n preventiva oficiosa se ver\u00e1n el lunes 5 de septiembre.<br>La prisi\u00f3n preventiva oficiosa, dijo el Gobierno de M\u00e9xico en un comunicado, es fundamental en ciertos delitos para asegurar que los presuntos criminales no se sustraigan de la acci\u00f3n de la justicia durante el proceso penal.<br>Jueces no resisten ca\u00f1onazos: L\u00f3pez Obrador<br>El mandatario mexicano critic\u00f3 tambi\u00e9n al Poder Judicial por no resistir los ca\u00f1onazos de dinero y no representar al pueblo de M\u00e9xico.<br>\u201cLa mayor parte de los integrantes del Poder Judicial no son gentes caracterizadas por la honestidad, o sea hablando en plata, no resisten ca\u00f1onazos, no resisten las tentaciones o son representantes de grupos de intereses creados\u201d, se\u00f1al\u00f3.<br>\u201cNo representan al pueblo, desprecian al pueblo, es una vida como artificial en donde el pueblo no cuenta, cuentan todos los intereses menos el inter\u00e9s del pueblo, entonces es una burbuja, son los abogados, la relaciones p\u00fablicas, todo arriba\u201d, destac\u00f3.<\/p>\n","protected":false},"excerpt":{"rendered":"<p>martes, 30 de agosto de 2022 El presidente L\u00f3pez Obrador volvi\u00f3 a presionar a la&#8230;<\/p>\n","protected":false},"author":3,"featured_media":0,"comment_status":"closed","ping_status":"closed","sticky":false,"template":"","format":"standard","meta":{"footnotes":""},"categories":[4],"tags":[],"class_list":["post-49445","post","type-post","status-publish","format-standard","hentry","category-noticias-del-dia"],"_links":{"self":[{"href":"https:\/\/bambapolitica.com.mx\/index.php\/wp-json\/wp\/v2\/posts\/49445","targetHints":{"allow":["GET"]}}],"collection":[{"href":"https:\/\/bambapolitica.com.mx\/index.php\/wp-json\/wp\/v2\/posts"}],"about":[{"href":"https:\/\/bambapolitica.com.mx\/index.php\/wp-json\/wp\/v2\/types\/post"}],"author":[{"embeddable":true,"href":"https:\/\/bambapolitica.com.mx\/index.php\/wp-json\/wp\/v2\/users\/3"}],"replies":[{"embeddable":true,"href":"https:\/\/bambapolitica.com.mx\/index.php\/wp-json\/wp\/v2\/comments?post=49445"}],"version-history":[{"count":1,"href":"https:\/\/bambapolitica.com.mx\/index.php\/wp-json\/wp\/v2\/posts\/49445\/revisions"}],"predecessor-version":[{"id":49446,"href":"https:\/\/bambapolitica.com.mx\/index.php\/wp-json\/wp\/v2\/posts\/49445\/revisions\/49446"}],"wp:attachment":[{"href":"https:\/\/bambapolitica.com.mx\/index.php\/wp-json\/wp\/v2\/media?parent=49445"}],"wp:term":[{"taxonomy":"category","embeddable":true,"href":"https:\/\/bambapolitica.com.mx\/index.php\/wp-json\/wp\/v2\/categories?post=49445"},{"taxonomy":"post_tag","embeddable":true,"href":"https:\/\/bambapolitica.com.mx\/index.php\/wp-json\/wp\/v2\/tags?post=49445"}],"curies":[{"name":"wp","href":"https:\/\/api.w.org\/{rel}","templated":true}]}}