{"id":49447,"date":"2022-08-30T20:29:00","date_gmt":"2022-08-31T02:29:00","guid":{"rendered":"http:\/\/bambapolitica.com.mx\/?p=49447"},"modified":"2022-08-30T08:31:05","modified_gmt":"2022-08-30T14:31:05","slug":"amlo-confirma-iniciativa-preferente-para-transferir-guardia-nacional-a-sedena","status":"publish","type":"post","link":"https:\/\/bambapolitica.com.mx\/index.php\/2022\/08\/30\/amlo-confirma-iniciativa-preferente-para-transferir-guardia-nacional-a-sedena\/","title":{"rendered":"AMLO confirma iniciativa preferente para transferir Guardia Nacional a Sedena"},"content":{"rendered":"\n<p>martes, 30 de agosto de 2022<\/p>\n\n\n\n<p>Asegur\u00f3 que presentar\u00e1 esta propuesta pese a que \u201clos conservadores no quieren aprobar nada\u201d.<br>El presidente de M\u00e9xico, Andr\u00e9s Manuel L\u00f3pez Obrador confirm\u00f3 que el pr\u00f3ximo 1 de septiembre enviar\u00e1 una iniciativa preferente para transferir el control de la Guardia Nacional a la Secretar\u00eda de la Defensa.<br>En la conferencia ma\u00f1anera de Palacio Nacional asegur\u00f3 que presentar\u00e1 esta propuesta pese a que los conservadores no quieren aprobar nada.<br>\u201cQueremos que quede adscrita a la Sedena que es la iniciativa que voy a enviar el d\u00eda primero y que hay oposici\u00f3n de los conservadores que no quieren aprobar nada, ni esto, ni algo todav\u00eda de mayor beneficio para el pueblo, acu\u00e9rdense que cuando propuse que las pensiones para adultos mayores se elevaran a rango constitucional estos corruptos, conservadores votaron en contra\u201d, dijo.<br>Adem\u00e1s, mencion\u00f3 que quiere cumplir con el objetivo de dejar establecido este cuerpo policial para que no le suceda lo mismo que a la Polic\u00eda Federal.<br>Asegur\u00f3 que actualmente la Guardia Nacional tiene desplegados 115 mil elementos en todo el pa\u00eds. Record\u00f3 que hay 19 estados en la rep\u00fablica en donde hay m\u00e1s personal de la Guardia Nacional que polic\u00edas estatales.<br>El presidente aprovech\u00f3 para mostrar que ya se tienen distribuidos y operando 242 cuarteles en el pa\u00eds y al finalizar el gobierno se llegar\u00e1 a 594.<br>\u201cDonde tenemos m\u00e1s, Jalisco 30, Michoac\u00e1n 33 y son 120 elementos por cuartel, todo esto lo hemos logrado con el apoyo de la Sedena que han construido los cuarteles, es una hect\u00e1rea, agradecemos mucho a las autoridades incluso a particulares que aportan los terrenos, tienen aulas, dormitorios para personal masculino, femenino\u201d<br>el pueblo, acu\u00e9rdense que cuando propuse que las pensiones para adultos mayores se elevaran a rango constitucional estos corruptos, conservadores votaron en contra.<\/p>\n","protected":false},"excerpt":{"rendered":"<p>martes, 30 de agosto de 2022 Asegur\u00f3 que presentar\u00e1 esta propuesta pese a que \u201clos&#8230;<\/p>\n","protected":false},"author":3,"featured_media":49448,"comment_status":"closed","ping_status":"closed","sticky":false,"template":"","format":"standard","meta":{"footnotes":""},"categories":[4],"tags":[],"class_list":["post-49447","post","type-post","status-publish","format-standard","has-post-thumbnail","hentry","category-noticias-del-dia"],"_links":{"self":[{"href":"https:\/\/bambapolitica.com.mx\/index.php\/wp-json\/wp\/v2\/posts\/49447","targetHints":{"allow":["GET"]}}],"collection":[{"href":"https:\/\/bambapolitica.com.mx\/index.php\/wp-json\/wp\/v2\/posts"}],"about":[{"href":"https:\/\/bambapolitica.com.mx\/index.php\/wp-json\/wp\/v2\/types\/post"}],"author":[{"embeddable":true,"href":"https:\/\/bambapolitica.com.mx\/index.php\/wp-json\/wp\/v2\/users\/3"}],"replies":[{"embeddable":true,"href":"https:\/\/bambapolitica.com.mx\/index.php\/wp-json\/wp\/v2\/comments?post=49447"}],"version-history":[{"count":1,"href":"https:\/\/bambapolitica.com.mx\/index.php\/wp-json\/wp\/v2\/posts\/49447\/revisions"}],"predecessor-version":[{"id":49449,"href":"https:\/\/bambapolitica.com.mx\/index.php\/wp-json\/wp\/v2\/posts\/49447\/revisions\/49449"}],"wp:featuredmedia":[{"embeddable":true,"href":"https:\/\/bambapolitica.com.mx\/index.php\/wp-json\/wp\/v2\/media\/49448"}],"wp:attachment":[{"href":"https:\/\/bambapolitica.com.mx\/index.php\/wp-json\/wp\/v2\/media?parent=49447"}],"wp:term":[{"taxonomy":"category","embeddable":true,"href":"https:\/\/bambapolitica.com.mx\/index.php\/wp-json\/wp\/v2\/categories?post=49447"},{"taxonomy":"post_tag","embeddable":true,"href":"https:\/\/bambapolitica.com.mx\/index.php\/wp-json\/wp\/v2\/tags?post=49447"}],"curies":[{"name":"wp","href":"https:\/\/api.w.org\/{rel}","templated":true}]}}