{"id":49766,"date":"2022-09-06T07:53:02","date_gmt":"2022-09-06T13:53:02","guid":{"rendered":"http:\/\/bambapolitica.com.mx\/?p=49766"},"modified":"2022-09-06T07:53:03","modified_gmt":"2022-09-06T13:53:03","slug":"pintan-cara-a-perrito-en-veracruz-piden-castigar-a-responsables","status":"publish","type":"post","link":"https:\/\/bambapolitica.com.mx\/index.php\/2022\/09\/06\/pintan-cara-a-perrito-en-veracruz-piden-castigar-a-responsables\/","title":{"rendered":"Pintan cara a perrito en Veracruz; piden castigar a responsables"},"content":{"rendered":"\n<p>martes, 6 de septiembre de 2022<br>\u00a0<\/p>\n\n\n\n<p>En redes sociales fueron compartidas unas fotograf\u00edas donde se puede ver al perrito con unas cejas pintadas.<br>Un perrito fue v\u00edctima de maltrato luego de que fuera pintado en su cara, situaci\u00f3n que gener\u00f3 molestia e indignaci\u00f3n en redes sociales en Tantoyuca, Veracruz.<\/p>\n\n\n\n<p><br>En redes sociales empezaron a circular dos fotograf\u00edas de un perrito, al que le pintaron unas cejas. De acuerdo a la publicaci\u00f3n este acto ocurri\u00f3 en la colonia El Rastro en Tantoyuca.<br>En fechas recientes, no se ten\u00eda un antecedente de esta clase de acciones contra los animales; por lo cual, ha causado mucha molestia en quienes tienen respeto por estos seres vivos.<br>La situaci\u00f3n empez\u00f3 a causar molestia entre los residentes de este municipio y pidieron a las autoridades que den un castigo a quien o quienes pintaron la cara del perrito.<br>Y es que, se\u00f1alan, lo hicieron para que la gente se burlara de \u00e9l, adem\u00e1s no se sabe si la pintura puede da\u00f1ar su pelo o piel, lo que puede ser considerado maltrato animal.<br>Refugio de gatos se inunda tras fuertes lluvias en Tamaulipas<br>En la zona sur de Tamaulipas se han registrado lluvias desde hace varios d\u00edas, las cuales si bien no han generado grandes inundaciones s\u00ed se han visto algunos da\u00f1os como el reblandecimiento de tierra que provoc\u00f3 un socav\u00f3n y ahora se conoce que un refugio de gatos est\u00e1 inundado.<br>Se trata del Refugio Temporal La Casa del Michi, sus administradores se\u00f1alan que el agua de la lluvia se qued\u00f3 estancada en el patio, lo que gener\u00f3 que algunos gatitos tuvieran que ser resguardados al interior de la casa.<\/p>\n\n\n\n<p><br>A pesar de sus esfuerzos para sacar el agua del patio, no pudieron.<br>\u201cY as\u00ed fue como amanecimos hoy en el Refugio Temporal La Casa del Michi. Desde las 8 am la bomba que usamos para sacar el agua de toda la zona est\u00e1 trabajando y no lleva ni la mitad del volumen de agua que se junt\u00f3. La mayor\u00eda de los michis est\u00e1n dentro de casa, los que ven en la gatera son los rebeldes sin causa que no se dejan agarrar\u201d.<\/p>\n","protected":false},"excerpt":{"rendered":"<p>martes, 6 de septiembre de 2022\u00a0 En redes sociales fueron compartidas unas fotograf\u00edas donde se&#8230;<\/p>\n","protected":false},"author":3,"featured_media":49767,"comment_status":"closed","ping_status":"closed","sticky":false,"template":"","format":"standard","meta":{"footnotes":""},"categories":[4],"tags":[],"class_list":["post-49766","post","type-post","status-publish","format-standard","has-post-thumbnail","hentry","category-noticias-del-dia"],"_links":{"self":[{"href":"https:\/\/bambapolitica.com.mx\/index.php\/wp-json\/wp\/v2\/posts\/49766","targetHints":{"allow":["GET"]}}],"collection":[{"href":"https:\/\/bambapolitica.com.mx\/index.php\/wp-json\/wp\/v2\/posts"}],"about":[{"href":"https:\/\/bambapolitica.com.mx\/index.php\/wp-json\/wp\/v2\/types\/post"}],"author":[{"embeddable":true,"href":"https:\/\/bambapolitica.com.mx\/index.php\/wp-json\/wp\/v2\/users\/3"}],"replies":[{"embeddable":true,"href":"https:\/\/bambapolitica.com.mx\/index.php\/wp-json\/wp\/v2\/comments?post=49766"}],"version-history":[{"count":1,"href":"https:\/\/bambapolitica.com.mx\/index.php\/wp-json\/wp\/v2\/posts\/49766\/revisions"}],"predecessor-version":[{"id":49768,"href":"https:\/\/bambapolitica.com.mx\/index.php\/wp-json\/wp\/v2\/posts\/49766\/revisions\/49768"}],"wp:featuredmedia":[{"embeddable":true,"href":"https:\/\/bambapolitica.com.mx\/index.php\/wp-json\/wp\/v2\/media\/49767"}],"wp:attachment":[{"href":"https:\/\/bambapolitica.com.mx\/index.php\/wp-json\/wp\/v2\/media?parent=49766"}],"wp:term":[{"taxonomy":"category","embeddable":true,"href":"https:\/\/bambapolitica.com.mx\/index.php\/wp-json\/wp\/v2\/categories?post=49766"},{"taxonomy":"post_tag","embeddable":true,"href":"https:\/\/bambapolitica.com.mx\/index.php\/wp-json\/wp\/v2\/tags?post=49766"}],"curies":[{"name":"wp","href":"https:\/\/api.w.org\/{rel}","templated":true}]}}