{"id":50201,"date":"2022-09-15T06:58:37","date_gmt":"2022-09-15T12:58:37","guid":{"rendered":"http:\/\/bambapolitica.com.mx\/?p=50201"},"modified":"2022-09-15T06:58:38","modified_gmt":"2022-09-15T12:58:38","slug":"senado-recibe-iniciativa-para-extender-participacion-de-fuerzas-armadas-en-tareas-de-seguridad","status":"publish","type":"post","link":"https:\/\/bambapolitica.com.mx\/index.php\/2022\/09\/15\/senado-recibe-iniciativa-para-extender-participacion-de-fuerzas-armadas-en-tareas-de-seguridad\/","title":{"rendered":"Senado recibe iniciativa para extender participaci\u00f3n de Fuerzas Armadas en tareas de seguridad"},"content":{"rendered":"\n<p>jueves, 15 de septiembre de 2022<\/p>\n\n\n\n<p>\u201cComo a cada reforma constitucional, le ser\u00e1 aplicado el procedimiento legislativo en todas sus etapas\u201d, asegur\u00f3 Ricardo Monreal<\/p>\n\n\n\n<p><br>El Senado de la Rep\u00fablica recibi\u00f3 este mi\u00e9rcoles la iniciativa para extender hasta 2028 la presencia militar en tareas de seguridad p\u00fablica, tras su aprobaci\u00f3n en la C\u00e1mara de Diputados.<\/p>\n\n\n\n<p>Ricardo Monreal, presidente de la Junta de Coordinaci\u00f3n Pol\u00edtica del Senado, asegur\u00f3 que la minuta pasar\u00e1 por todas las etapas del proceso legislativo, por lo que se turnar\u00e1 a las comisiones unidas de Puntos Constitucionales y de Estudios Legislativos Segunda.<br>Monreal \u00c1vila asegur\u00f3 que mantendr\u00e1 comunicaci\u00f3n con todas las fuerzas pol\u00edticas para alcanzar acuerdos.<\/p>\n\n\n\n<p>Previamente, el tambi\u00e9n coordinador de Morena en la C\u00e1mara Alta reconoci\u00f3 que no se cuenta con la mayor\u00eda calificada para votar a favor del plan militar.<\/p>\n","protected":false},"excerpt":{"rendered":"<p>jueves, 15 de septiembre de 2022 \u201cComo a cada reforma constitucional, le ser\u00e1 aplicado el&#8230;<\/p>\n","protected":false},"author":3,"featured_media":50202,"comment_status":"closed","ping_status":"closed","sticky":false,"template":"","format":"standard","meta":{"footnotes":""},"categories":[4],"tags":[],"class_list":["post-50201","post","type-post","status-publish","format-standard","has-post-thumbnail","hentry","category-noticias-del-dia"],"_links":{"self":[{"href":"https:\/\/bambapolitica.com.mx\/index.php\/wp-json\/wp\/v2\/posts\/50201","targetHints":{"allow":["GET"]}}],"collection":[{"href":"https:\/\/bambapolitica.com.mx\/index.php\/wp-json\/wp\/v2\/posts"}],"about":[{"href":"https:\/\/bambapolitica.com.mx\/index.php\/wp-json\/wp\/v2\/types\/post"}],"author":[{"embeddable":true,"href":"https:\/\/bambapolitica.com.mx\/index.php\/wp-json\/wp\/v2\/users\/3"}],"replies":[{"embeddable":true,"href":"https:\/\/bambapolitica.com.mx\/index.php\/wp-json\/wp\/v2\/comments?post=50201"}],"version-history":[{"count":1,"href":"https:\/\/bambapolitica.com.mx\/index.php\/wp-json\/wp\/v2\/posts\/50201\/revisions"}],"predecessor-version":[{"id":50203,"href":"https:\/\/bambapolitica.com.mx\/index.php\/wp-json\/wp\/v2\/posts\/50201\/revisions\/50203"}],"wp:featuredmedia":[{"embeddable":true,"href":"https:\/\/bambapolitica.com.mx\/index.php\/wp-json\/wp\/v2\/media\/50202"}],"wp:attachment":[{"href":"https:\/\/bambapolitica.com.mx\/index.php\/wp-json\/wp\/v2\/media?parent=50201"}],"wp:term":[{"taxonomy":"category","embeddable":true,"href":"https:\/\/bambapolitica.com.mx\/index.php\/wp-json\/wp\/v2\/categories?post=50201"},{"taxonomy":"post_tag","embeddable":true,"href":"https:\/\/bambapolitica.com.mx\/index.php\/wp-json\/wp\/v2\/tags?post=50201"}],"curies":[{"name":"wp","href":"https:\/\/api.w.org\/{rel}","templated":true}]}}