{"id":50207,"date":"2022-09-15T07:07:40","date_gmt":"2022-09-15T13:07:40","guid":{"rendered":"http:\/\/bambapolitica.com.mx\/?p=50207"},"modified":"2022-09-15T07:07:42","modified_gmt":"2022-09-15T13:07:42","slug":"los-muertos-de-cardel-son-recogidos-en-bolsas-de-basura-por-servicios-periciales","status":"publish","type":"post","link":"https:\/\/bambapolitica.com.mx\/index.php\/2022\/09\/15\/los-muertos-de-cardel-son-recogidos-en-bolsas-de-basura-por-servicios-periciales\/","title":{"rendered":"LOS MUERTOS DE CARDEL SON RECOGIDOS EN BOLSAS DE BASURA POR SERVICIOS PERICIALES."},"content":{"rendered":"\n<p>jueves, 15 de septiembre de 2022<\/p>\n\n\n\n<p>La cuarta transformaci\u00f3n ha dejado mucho que desear incluso con las personas que ya est\u00e1n fallecidas. Y es que, en semanas anteriores, un joven menor de 14 a\u00f1os de edad, desafortunadamente perdi\u00f3 la vida en las playas de Ursulo Galv\u00e1n, mejor conocidas como \u201cChachalacas\u201d.<\/p>\n\n\n\n<p><br>La tragedia ocurri\u00f3 el d\u00eda 18 de agosto, cuando un joven originario de Xalapa, quien era acompa\u00f1ado de sus padres; perdi\u00f3 la vida tras ahogarse en dicha playa.<\/p>\n\n\n\n<p><br>Adem\u00e1s de ser desafortunada y lamentable su perdida, hay que denotar las condiciones decadentes e irresponsables por parte de la Delegaci\u00f3n de los servicios periciales de Veracruz, quienes llegaron al lugar de los hechos y recogieron el cuerpo del menor en bolsas negras de basura, ya que no cuentan ni siquiera con camillas especiales para el traslado de cad\u00e1veres.<br>Dicha situaci\u00f3n se repite de forma constante en la ciudad de Cardel y sus alrededores, ya que las personas que realizan los protocolos de levantamiento de cad\u00e1veres son \u201cFUNERALES HERRERA\u201d Y \u201cFUNERALES ANGELES\u201d, quienes han hecho de las suyas incluso rob\u00e1ndose las pertenencias de los occisos.<\/p>\n\n\n\n<p><br>El Nuevo sistema de justicia penal, tiene como principal objetivo salvaguardar cualquier escena o hecho y preservarlo para que los profesionales pueden hacer \u2013entre otras cosas- la fijaci\u00f3n correcta del lugar, el protocolo de primer respondiente, el levantamiento \u00edntegro del cad\u00e1ver y desde luego el traslado del mismo bajo los est\u00e1ndares de calidad establecidos por la Secretaria de Salud del Estado de Veracruz.<br>No cabe duda que las autoridades ministeriales deber\u00e1n tomar cartas en el asunto para evitar que las personas fallecidas sigan siendo tratadas sin dignidad.<\/p>\n","protected":false},"excerpt":{"rendered":"<p>jueves, 15 de septiembre de 2022 La cuarta transformaci\u00f3n ha dejado mucho que desear incluso&#8230;<\/p>\n","protected":false},"author":3,"featured_media":50208,"comment_status":"closed","ping_status":"closed","sticky":false,"template":"","format":"standard","meta":{"footnotes":""},"categories":[4],"tags":[],"class_list":["post-50207","post","type-post","status-publish","format-standard","has-post-thumbnail","hentry","category-noticias-del-dia"],"_links":{"self":[{"href":"https:\/\/bambapolitica.com.mx\/index.php\/wp-json\/wp\/v2\/posts\/50207","targetHints":{"allow":["GET"]}}],"collection":[{"href":"https:\/\/bambapolitica.com.mx\/index.php\/wp-json\/wp\/v2\/posts"}],"about":[{"href":"https:\/\/bambapolitica.com.mx\/index.php\/wp-json\/wp\/v2\/types\/post"}],"author":[{"embeddable":true,"href":"https:\/\/bambapolitica.com.mx\/index.php\/wp-json\/wp\/v2\/users\/3"}],"replies":[{"embeddable":true,"href":"https:\/\/bambapolitica.com.mx\/index.php\/wp-json\/wp\/v2\/comments?post=50207"}],"version-history":[{"count":1,"href":"https:\/\/bambapolitica.com.mx\/index.php\/wp-json\/wp\/v2\/posts\/50207\/revisions"}],"predecessor-version":[{"id":50209,"href":"https:\/\/bambapolitica.com.mx\/index.php\/wp-json\/wp\/v2\/posts\/50207\/revisions\/50209"}],"wp:featuredmedia":[{"embeddable":true,"href":"https:\/\/bambapolitica.com.mx\/index.php\/wp-json\/wp\/v2\/media\/50208"}],"wp:attachment":[{"href":"https:\/\/bambapolitica.com.mx\/index.php\/wp-json\/wp\/v2\/media?parent=50207"}],"wp:term":[{"taxonomy":"category","embeddable":true,"href":"https:\/\/bambapolitica.com.mx\/index.php\/wp-json\/wp\/v2\/categories?post=50207"},{"taxonomy":"post_tag","embeddable":true,"href":"https:\/\/bambapolitica.com.mx\/index.php\/wp-json\/wp\/v2\/tags?post=50207"}],"curies":[{"name":"wp","href":"https:\/\/api.w.org\/{rel}","templated":true}]}}