{"id":50210,"date":"2022-09-15T07:15:37","date_gmt":"2022-09-15T13:15:37","guid":{"rendered":"http:\/\/bambapolitica.com.mx\/?p=50210"},"modified":"2022-09-15T07:15:39","modified_gmt":"2022-09-15T13:15:39","slug":"aeromexico-investiga-incidente-en-aifa-para-deslindar-responsabilidades","status":"publish","type":"post","link":"https:\/\/bambapolitica.com.mx\/index.php\/2022\/09\/15\/aeromexico-investiga-incidente-en-aifa-para-deslindar-responsabilidades\/","title":{"rendered":"Aerom\u00e9xico investiga incidente en AIFA para deslindar responsabilidades"},"content":{"rendered":"\n<p>jueves, 15 de septiembre de 2022<\/p>\n\n\n\n<p>En el AIFA, el piloto del vuelo 874 de Aerom\u00e9xico, con destino a M\u00e9rida, abort\u00f3 el despegue por la presencia de helic\u00f3pteros en la zona<\/p>\n\n\n\n<p><br>Servicios a la Navegaci\u00f3n en el Espacio A\u00e9reo Mexicano (Seneam) inform\u00f3 este mi\u00e9rcoles que, de acuerdo con la evidencia, el incidente ocurrido en el Aeropuerto Internacional Felipe \u00c1ngeles (AIFA) se debi\u00f3 a que el piloto de una aeronave de Aerom\u00e9xico inici\u00f3 carrera de despegue sin autorizaci\u00f3n de la torre de control.<\/p>\n\n\n\n<p>El vuelo 874, con destino a M\u00e9rida, abort\u00f3 el despegue por la presencia de helic\u00f3pteros en la zona. Un video del momento se hizo viral en redes sociales.<\/p>\n\n\n\n<p>Ya se iniciaron las investigaciones correspondientes de parte de la autoridad a\u00e9rea y se seguir\u00e1n los protocolos\u201d, inform\u00f3 el Seneam en un comunicado.<br>Por su parte, Aerom\u00e9xico dej\u00f3 en claro que la maniobra se realiz\u00f3 cuando la aeronave se encontraba a baja velocidad, \u201ces decir, al inicio de su carrera\u201d, por lo que en ning\u00fan momento la operaci\u00f3n se encontr\u00f3 en riesgo y el vuelo se efectu\u00f3 posteriormente sin inconveniente alguno.<\/p>\n\n\n\n<p>Conforme a los protocolos correspondientes, haremos la investigaci\u00f3n en absoluta coordinaci\u00f3n y colaboraci\u00f3n con las autoridades para deslindar responsabilidades y garantizar medidas que permitan evitar eventos similares\u201d, anunci\u00f3.<\/p>\n","protected":false},"excerpt":{"rendered":"<p>jueves, 15 de septiembre de 2022 En el AIFA, el piloto del vuelo 874 de&#8230;<\/p>\n","protected":false},"author":3,"featured_media":50211,"comment_status":"closed","ping_status":"closed","sticky":false,"template":"","format":"standard","meta":{"footnotes":""},"categories":[4],"tags":[],"class_list":["post-50210","post","type-post","status-publish","format-standard","has-post-thumbnail","hentry","category-noticias-del-dia"],"_links":{"self":[{"href":"https:\/\/bambapolitica.com.mx\/index.php\/wp-json\/wp\/v2\/posts\/50210","targetHints":{"allow":["GET"]}}],"collection":[{"href":"https:\/\/bambapolitica.com.mx\/index.php\/wp-json\/wp\/v2\/posts"}],"about":[{"href":"https:\/\/bambapolitica.com.mx\/index.php\/wp-json\/wp\/v2\/types\/post"}],"author":[{"embeddable":true,"href":"https:\/\/bambapolitica.com.mx\/index.php\/wp-json\/wp\/v2\/users\/3"}],"replies":[{"embeddable":true,"href":"https:\/\/bambapolitica.com.mx\/index.php\/wp-json\/wp\/v2\/comments?post=50210"}],"version-history":[{"count":1,"href":"https:\/\/bambapolitica.com.mx\/index.php\/wp-json\/wp\/v2\/posts\/50210\/revisions"}],"predecessor-version":[{"id":50212,"href":"https:\/\/bambapolitica.com.mx\/index.php\/wp-json\/wp\/v2\/posts\/50210\/revisions\/50212"}],"wp:featuredmedia":[{"embeddable":true,"href":"https:\/\/bambapolitica.com.mx\/index.php\/wp-json\/wp\/v2\/media\/50211"}],"wp:attachment":[{"href":"https:\/\/bambapolitica.com.mx\/index.php\/wp-json\/wp\/v2\/media?parent=50210"}],"wp:term":[{"taxonomy":"category","embeddable":true,"href":"https:\/\/bambapolitica.com.mx\/index.php\/wp-json\/wp\/v2\/categories?post=50210"},{"taxonomy":"post_tag","embeddable":true,"href":"https:\/\/bambapolitica.com.mx\/index.php\/wp-json\/wp\/v2\/tags?post=50210"}],"curies":[{"name":"wp","href":"https:\/\/api.w.org\/{rel}","templated":true}]}}