{"id":50298,"date":"2022-09-19T07:27:35","date_gmt":"2022-09-19T13:27:35","guid":{"rendered":"http:\/\/bambapolitica.com.mx\/?p=50298"},"modified":"2022-09-19T07:27:36","modified_gmt":"2022-09-19T13:27:36","slug":"lluvias-reactivan-el-turismo-en-la-presa-la-boca","status":"publish","type":"post","link":"https:\/\/bambapolitica.com.mx\/index.php\/2022\/09\/19\/lluvias-reactivan-el-turismo-en-la-presa-la-boca\/","title":{"rendered":"Lluvias reactivan el turismo en la presa La Boca"},"content":{"rendered":"\n<p>lunes, 19 de septiembre de 2022<\/p>\n\n\n\n<p>La presa La Boca, en Santiago, recuper\u00f3 el color y vida que le brindan sus visitantes despu\u00e9s de una etapa cr\u00edtica a causa de una sequ\u00eda<br>Paseantes locales y turistas visitaron este fin de semana la presa La Boca, ubicada en el norte\u00f1o estado mexicano de Nuevo Le\u00f3n, despu\u00e9s que el embalse recobr\u00f3 su atractivo gracias a las lluvias registradas en recientes semanas en la regi\u00f3n.<br>La presa, localizada en el municipio de Santiago, a unos 32 kil\u00f3metros de la norte\u00f1a ciudad de Monterrey, recuper\u00f3 el color y vida que le brindan sus visitantes despu\u00e9s de una etapa cr\u00edtica a causa de una intensa sequ\u00eda.<br>Llegaron las lluvias y a medida que mejor\u00f3 el nivel de la presa comenzaron a caer los visitantes\u201d, dijo a Efe Samuel Gonz\u00e1lez, quien se dedica a ofrecer paseos en una embarcaci\u00f3n.<\/p>\n\n\n\n<p>Coment\u00f3 que la gente decidi\u00f3 salir a aprovechar el \u201cfin de semana largo\u201d, por la celebraci\u00f3n del D\u00eda de la Independencia en M\u00e9xico, paseando en el lugar.<\/p>\n\n\n\n<p>\u201cAhora s\u00ed hay asistentes en los restaurantes, los locales atravesaron una crisis porque ya no ven\u00eda nadie ahora que la presa estaba bien seca\u201d, refiri\u00f3 Gonz\u00e1lez.<br>De acuerdo con el reporte m\u00e1s reciente de la Comisi\u00f3n Nacional del Agua (Conagua) de M\u00e9xico, el embalse est\u00e1 actualmente al 79.12 % de su capacidad, cuando Efe document\u00f3 hace un mes que estaba tan solo poco por encima del 8 %.<\/p>\n\n\n\n<p>La presa Rodrigo G\u00f3mez, mejor conocida como \u201cLa Boca\u201d, es una de las que surten de agua a la zona metropolitana del estado de nuevo Le\u00f3n, al norte de M\u00e9xico, y tambi\u00e9n es uno de los atractivos tur\u00edsticos por su \u00e1rea de restaurantes, los paseos en embarcaciones y en caballo, adem\u00e1s de la fauna que habita en la zona como peces y patos.<br>\u201cNosotros decidimos venir a visitar la presa de La Boca porque ya recobr\u00f3 su nivel de agua y se puede pasear en barco, echarse un c\u00f3ctel de camarones y pasarla a gusto con la familia\u201d, comparti\u00f3 el turista nacional Jos\u00e9 Ordaz, originario de la fronteriza Ciudad Victoria, en Tamaulipas.<br>Regresa suministro a la normalidad<br>Luego de que hace unos 6 meses, el Gobierno del estado de Nuevo Le\u00f3n se vio obligado a implementar cortes de agua para racionar el abasto por la grave sequ\u00eda que golpe\u00f3 a dicha entidad, ahora ya cuenta con el vital l\u00edquido para garantizar el suministro las 24 horas del d\u00eda.<\/p>\n\n\n\n<p>Por lo menos, as\u00ed lo dio a conocer el titular de Agua y Drenaje de Monterrey, Juan Ignacio Barrag\u00e1n, quien estableci\u00f3 que ya se est\u00e1 brindando agua durante todo el d\u00eda, los 7 d\u00edas de la semana, a pr\u00e1cticamente a toda la ciudad.<\/p>\n\n\n\n<p>\u201cCon excepci\u00f3n del municipio de Garc\u00eda y zonas muy elevadas en donde no se tiene tuber\u00eda de distribuci\u00f3n de agua\u201d, especific\u00f3 el funcionario mexicano.<\/p>\n","protected":false},"excerpt":{"rendered":"<p>lunes, 19 de septiembre de 2022 La presa La Boca, en Santiago, recuper\u00f3 el color&#8230;<\/p>\n","protected":false},"author":3,"featured_media":50299,"comment_status":"closed","ping_status":"closed","sticky":false,"template":"","format":"standard","meta":{"footnotes":""},"categories":[4],"tags":[],"class_list":["post-50298","post","type-post","status-publish","format-standard","has-post-thumbnail","hentry","category-noticias-del-dia"],"_links":{"self":[{"href":"https:\/\/bambapolitica.com.mx\/index.php\/wp-json\/wp\/v2\/posts\/50298","targetHints":{"allow":["GET"]}}],"collection":[{"href":"https:\/\/bambapolitica.com.mx\/index.php\/wp-json\/wp\/v2\/posts"}],"about":[{"href":"https:\/\/bambapolitica.com.mx\/index.php\/wp-json\/wp\/v2\/types\/post"}],"author":[{"embeddable":true,"href":"https:\/\/bambapolitica.com.mx\/index.php\/wp-json\/wp\/v2\/users\/3"}],"replies":[{"embeddable":true,"href":"https:\/\/bambapolitica.com.mx\/index.php\/wp-json\/wp\/v2\/comments?post=50298"}],"version-history":[{"count":1,"href":"https:\/\/bambapolitica.com.mx\/index.php\/wp-json\/wp\/v2\/posts\/50298\/revisions"}],"predecessor-version":[{"id":50300,"href":"https:\/\/bambapolitica.com.mx\/index.php\/wp-json\/wp\/v2\/posts\/50298\/revisions\/50300"}],"wp:featuredmedia":[{"embeddable":true,"href":"https:\/\/bambapolitica.com.mx\/index.php\/wp-json\/wp\/v2\/media\/50299"}],"wp:attachment":[{"href":"https:\/\/bambapolitica.com.mx\/index.php\/wp-json\/wp\/v2\/media?parent=50298"}],"wp:term":[{"taxonomy":"category","embeddable":true,"href":"https:\/\/bambapolitica.com.mx\/index.php\/wp-json\/wp\/v2\/categories?post=50298"},{"taxonomy":"post_tag","embeddable":true,"href":"https:\/\/bambapolitica.com.mx\/index.php\/wp-json\/wp\/v2\/tags?post=50298"}],"curies":[{"name":"wp","href":"https:\/\/api.w.org\/{rel}","templated":true}]}}