{"id":50881,"date":"2022-09-30T07:09:33","date_gmt":"2022-09-30T13:09:33","guid":{"rendered":"http:\/\/bambapolitica.com.mx\/?p=50881"},"modified":"2022-09-30T07:09:35","modified_gmt":"2022-09-30T13:09:35","slug":"diputados-confirman-recorte-al-ine-de-4-mil-913-mdp","status":"publish","type":"post","link":"https:\/\/bambapolitica.com.mx\/index.php\/2022\/09\/30\/diputados-confirman-recorte-al-ine-de-4-mil-913-mdp\/","title":{"rendered":"Diputados confirman recorte al INE de 4 mil 913 mdp"},"content":{"rendered":"\n<p>viernes, 30 de septiembre de 2022<\/p>\n\n\n\n<p>La C\u00e1mara de Diputados aval\u00f3 el dictamen de la Comisi\u00f3n de Presupuesto en defensa de su facultad exclusiva de discutir, modificar y aprobar el Presupuesto de Egresos.<br>El pleno de la C\u00e1mara de Diputados confirm\u00f3 el recorte de 4 mil 913 millones de pesos al Instituto Nacional Electoral (INE) en el Presupuesto 2022.<\/p>\n\n\n\n<p>En respuesta a la resoluci\u00f3n de la Primera Sala de la Suprema Corte de Justicia de la Naci\u00f3n (SCJN) que invalid\u00f3 el Presupuesto de Egresos referente al organismo electoral, ordenando a los diputados rectificar el recorte o, en su caso, justificar esa medida.<\/p>\n\n\n\n<p>As\u00ed, con 259 votos a favor, 212 en contra y cero abstenciones, la C\u00e1mara de Diputados aval\u00f3 el dictamen de la Comisi\u00f3n de Presupuesto en defensa de su facultad exclusiva de discutir, modificar y, en su caso, aprobar el Presupuesto de Egresos, la cual debe cumplir sin injerencia alguna y en apego al principio de divisi\u00f3n de poderes.<\/p>\n\n\n\n<p>\u201cSin buscar afectar la autonom\u00eda presupuestaria del INE ni poner en riesgo la protecci\u00f3n de los derechos pol\u00edtico electorales de la ciudadan\u00eda, se reitera que corresponde a la C\u00e1mara de Diputados aprobar el Presupuesto de Egresos de la Federaci\u00f3n anualmente, incluyendo el monto asignado a dicho Instituto\u201d, puntualiz\u00f3.<br>El documento se\u00f1ala asimismo que la reducci\u00f3n al INE para el ejercicio fiscal 2022 \u201cno fue significativa\u201d, pues se le asign\u00f3 una partida suficiente para satisfacer las necesidades p\u00fablicas encomendadas a su cargo.<br>Adem\u00e1s, en su anteproyecto de presupuesto para el ejercicio fiscal se este a\u00f1o, el organismo electoral no se apeg\u00f3 a los Criterios Generales de Pol\u00edtica Econ\u00f3mica correspondientes a dicho ejercicio.<\/p>\n\n\n\n<p>\u201cResulta evidente que el INE, de todos los organismos constitucionalmente aut\u00f3nomos, es el que menos se ha apegado a este principio de austeridad republicana, eje rector de la presente administraci\u00f3n\u201d, agrega.<br>Detalla que la reducci\u00f3n promedio en los anteproyectos de los organismos constitucionalmente aut\u00f3nomos entre 2018 y 2022 es de 23.8 por ciento, por lo que se concluye que el presupuesto base del INE debe reducirse en la misma proporci\u00f3n.<\/p>\n\n\n\n<p>Con ello, el presupuesto base del INE para 2022 pasar\u00eda de 11 mil 225 millones de pesos a 8 mil 555 millones, con una reducci\u00f3n de 2,669.62 millones de pesos.<\/p>\n\n\n\n<p>\u201cSe detecta que el instituto no ha ajustado sus proyectos de presupuesto en la misma medida que otros organismos constitucionalmente aut\u00f3nomos y no ha atendido los criterios de administraci\u00f3n de los recursos federales, particularmente los de econom\u00eda, racionalidad, austeridad y rendici\u00f3n de cuentas\u201d, advierte la comisi\u00f3n.<\/p>\n","protected":false},"excerpt":{"rendered":"<p>viernes, 30 de septiembre de 2022 La C\u00e1mara de Diputados aval\u00f3 el dictamen de la&#8230;<\/p>\n","protected":false},"author":3,"featured_media":50882,"comment_status":"closed","ping_status":"closed","sticky":false,"template":"","format":"standard","meta":{"footnotes":""},"categories":[4],"tags":[],"class_list":["post-50881","post","type-post","status-publish","format-standard","has-post-thumbnail","hentry","category-noticias-del-dia"],"_links":{"self":[{"href":"https:\/\/bambapolitica.com.mx\/index.php\/wp-json\/wp\/v2\/posts\/50881","targetHints":{"allow":["GET"]}}],"collection":[{"href":"https:\/\/bambapolitica.com.mx\/index.php\/wp-json\/wp\/v2\/posts"}],"about":[{"href":"https:\/\/bambapolitica.com.mx\/index.php\/wp-json\/wp\/v2\/types\/post"}],"author":[{"embeddable":true,"href":"https:\/\/bambapolitica.com.mx\/index.php\/wp-json\/wp\/v2\/users\/3"}],"replies":[{"embeddable":true,"href":"https:\/\/bambapolitica.com.mx\/index.php\/wp-json\/wp\/v2\/comments?post=50881"}],"version-history":[{"count":1,"href":"https:\/\/bambapolitica.com.mx\/index.php\/wp-json\/wp\/v2\/posts\/50881\/revisions"}],"predecessor-version":[{"id":50883,"href":"https:\/\/bambapolitica.com.mx\/index.php\/wp-json\/wp\/v2\/posts\/50881\/revisions\/50883"}],"wp:featuredmedia":[{"embeddable":true,"href":"https:\/\/bambapolitica.com.mx\/index.php\/wp-json\/wp\/v2\/media\/50882"}],"wp:attachment":[{"href":"https:\/\/bambapolitica.com.mx\/index.php\/wp-json\/wp\/v2\/media?parent=50881"}],"wp:term":[{"taxonomy":"category","embeddable":true,"href":"https:\/\/bambapolitica.com.mx\/index.php\/wp-json\/wp\/v2\/categories?post=50881"},{"taxonomy":"post_tag","embeddable":true,"href":"https:\/\/bambapolitica.com.mx\/index.php\/wp-json\/wp\/v2\/tags?post=50881"}],"curies":[{"name":"wp","href":"https:\/\/api.w.org\/{rel}","templated":true}]}}