{"id":50908,"date":"2022-10-01T08:03:00","date_gmt":"2022-10-01T14:03:00","guid":{"rendered":"http:\/\/bambapolitica.com.mx\/?p=50908"},"modified":"2022-09-30T08:05:25","modified_gmt":"2022-09-30T14:05:25","slug":"estas-son-las-7-ferias-de-edomex-en-octubre-que-no-te-puedes-perder-se-te-antojara-todo","status":"publish","type":"post","link":"https:\/\/bambapolitica.com.mx\/index.php\/2022\/10\/01\/estas-son-las-7-ferias-de-edomex-en-octubre-que-no-te-puedes-perder-se-te-antojara-todo\/","title":{"rendered":"Estas son las 7 ferias de Edomex en octubre que no te puedes perder \u00a1Se te antojar\u00e1 todo!"},"content":{"rendered":"\n<p>Sabado, 1 de Octubre de 2022<\/p>\n\n\n\n<p>Pulque, Alfe\u00f1ique, tacos, enchiladas y m\u00fasica en vivo ser\u00e1n algunas de las actividades que el Estado de M\u00e9xico prepara para estos pr\u00f3ximos d\u00edas y semanas<\/p>\n\n\n\n<p>En unos d\u00edas iniciar\u00e1 el mes de octubre, y con \u00e9l llegan una variedad de fiestas que se realizar\u00e1n en diversas partes del Estado de M\u00e9xico. Nosotros te contamos cu\u00e1les son, d\u00f3nde estar\u00e1n y cuales son los horarios de participaci\u00f3n. Alfe\u00f1ique Una de las fiestas m\u00e1s conmemorativas del poblado de Toluca est\u00e1 por iniciar; en esta festividad que se realizar\u00e1 desde el primer d\u00eda de octubre hasta los festejos del 2 de noviembre, presentar\u00e1 gran variedad dep productos y platillos mexicanos.<br>La cita es de 10:00 a 21:00 horas los d\u00edas 30 de septiembre, 1 y 2 de octubre en la explanada municipal del ayuntamiento de Nezahualc\u00f3yotl. La Quimera de Metepec Este a\u00f1o el Festival de la Quimera en el Ayuntamiento de Metepec, en el Estado de M\u00e9xico, se llevar\u00e1 a cabo de los d\u00edas 8 al 16 de octubre con eventos teatrales, musicales, danza, literatura y cine. Entre los artistas que han confirmado su asistencia se encuentran los cantantes Ximena Sari\u00f1ana, Fernando Delgadillo, Ely Guerra, entre otros. Feria de las Almas En el municipio de Valle de Bravo se celebrar\u00e1 la d\u00e9cima novena emisi\u00f3n del Festivla de las Almas, aparentemente en los d\u00edas de 30, 31 de octubre, 1 y 2 de noviembre en las instalaciones habituales del municipio.<br>Feria de San Francisco de Asis En el municipio de Temascalapa se llevar\u00e1 a cabo la celebraci\u00f3n al patrono del municipio mexiquense, un territorio que une a los estados de Hidalgo, Estado de M\u00e9xico y Ciudad de M\u00e9xico. En la feria habr\u00e1 eventos religiosos, sociales, recreativos, art\u00edsticos y culturales. Juegos mec\u00e1nicos, venta de artesan\u00edas, comida y m\u00fasica en vivo son de las actividades que te esperan en la celebraci\u00f3n. \u00bfY t\u00fa a cu\u00e1l de todas asistir\u00e1s?<\/p>\n","protected":false},"excerpt":{"rendered":"<p>Sabado, 1 de Octubre de 2022 Pulque, Alfe\u00f1ique, tacos, enchiladas y m\u00fasica en vivo ser\u00e1n&#8230;<\/p>\n","protected":false},"author":3,"featured_media":50909,"comment_status":"closed","ping_status":"closed","sticky":false,"template":"","format":"standard","meta":{"footnotes":""},"categories":[4],"tags":[],"class_list":["post-50908","post","type-post","status-publish","format-standard","has-post-thumbnail","hentry","category-noticias-del-dia"],"_links":{"self":[{"href":"https:\/\/bambapolitica.com.mx\/index.php\/wp-json\/wp\/v2\/posts\/50908","targetHints":{"allow":["GET"]}}],"collection":[{"href":"https:\/\/bambapolitica.com.mx\/index.php\/wp-json\/wp\/v2\/posts"}],"about":[{"href":"https:\/\/bambapolitica.com.mx\/index.php\/wp-json\/wp\/v2\/types\/post"}],"author":[{"embeddable":true,"href":"https:\/\/bambapolitica.com.mx\/index.php\/wp-json\/wp\/v2\/users\/3"}],"replies":[{"embeddable":true,"href":"https:\/\/bambapolitica.com.mx\/index.php\/wp-json\/wp\/v2\/comments?post=50908"}],"version-history":[{"count":1,"href":"https:\/\/bambapolitica.com.mx\/index.php\/wp-json\/wp\/v2\/posts\/50908\/revisions"}],"predecessor-version":[{"id":50910,"href":"https:\/\/bambapolitica.com.mx\/index.php\/wp-json\/wp\/v2\/posts\/50908\/revisions\/50910"}],"wp:featuredmedia":[{"embeddable":true,"href":"https:\/\/bambapolitica.com.mx\/index.php\/wp-json\/wp\/v2\/media\/50909"}],"wp:attachment":[{"href":"https:\/\/bambapolitica.com.mx\/index.php\/wp-json\/wp\/v2\/media?parent=50908"}],"wp:term":[{"taxonomy":"category","embeddable":true,"href":"https:\/\/bambapolitica.com.mx\/index.php\/wp-json\/wp\/v2\/categories?post=50908"},{"taxonomy":"post_tag","embeddable":true,"href":"https:\/\/bambapolitica.com.mx\/index.php\/wp-json\/wp\/v2\/tags?post=50908"}],"curies":[{"name":"wp","href":"https:\/\/api.w.org\/{rel}","templated":true}]}}