{"id":50993,"date":"2022-10-04T07:46:22","date_gmt":"2022-10-04T13:46:22","guid":{"rendered":"http:\/\/bambapolitica.com.mx\/?p=50993"},"modified":"2022-10-04T07:46:23","modified_gmt":"2022-10-04T13:46:23","slug":"nuevo-dictamen-sobre-fuerzas-armadas-avanza-en-el-senado-pasa-al-pleno","status":"publish","type":"post","link":"https:\/\/bambapolitica.com.mx\/index.php\/2022\/10\/04\/nuevo-dictamen-sobre-fuerzas-armadas-avanza-en-el-senado-pasa-al-pleno\/","title":{"rendered":"Nuevo dictamen sobre Fuerzas Armadas avanza en el Senado, pasa al Pleno"},"content":{"rendered":"\n<p>martes, 4 de octubre de 2022<\/p>\n\n\n\n<p>El nuevo dictamen sobre el uso de las Fuerzas Armadas dividi\u00f3 los votos de la bancada del PRI en comisiones del Senado<br>Las comisiones unidas de Puntos Constitucionales y de Estudios Legislativos Segunda del Senado de la Rep\u00fablica aprobaron el nuevo dictamen sobre la participaci\u00f3n de las Fuerzas Armadas en tareas de seguridad p\u00fablica, que hace algunos cambios a la redacci\u00f3n del art\u00edculo quinto transitorio de la Constituci\u00f3n.<\/p>\n\n\n\n<p>La minuta se aprob\u00f3 con 19 votos a favor, 10 en contra y una abstenci\u00f3n. Los votos a favor emanaron de Morena y sus aliados, as\u00ed como de algunos legisladores del PRI. En contra votaron los partidos de oposici\u00f3n (PAN, MC y PRI); en abstenci\u00f3n vot\u00f3 un legislador del PRD.<\/p>\n\n\n\n<p>De esta manera, la minuta pas\u00f3 al Pleno para su discusi\u00f3n y posterior votaci\u00f3n.<br>En la sesi\u00f3n, se rechaz\u00f3 la propuesta presentada por algunos miembros del bloque de contenci\u00f3n, entre ellos Claudia Ruiz Massieu (PRI), Miguel \u00c1ngel Mancera (PRD), No\u00e9 Casta\u00f1\u00f3n y Clemente Casta\u00f1eda (MC), en la que se establec\u00eda que la participaci\u00f3n de las Fuerzas Armadas en tareas de seguridad p\u00fablica ser\u00eda extraordinaria, subordinada, regulada, fiscalizada por \u00f3rganos civiles y complementaria a las tareas de las corporaciones civiles; ordenaba la entrega por parte del Ejecutivo Federal de un plan de estrategia para que la Guardia Nacional sea totalmente civil; adem\u00e1s de la creaci\u00f3n de un fondo de inversi\u00f3n para fortalecer la seguridad en los estados.<\/p>\n\n\n\n<p>En su lugar, se aprob\u00f3 (con el mismo n\u00famero de votos) la propuesta de la senadora morenista Luc\u00eda Meza para que la permanencia de las Fuerzas Armadas hasta 2028 est\u00e9 acompa\u00f1ada de supervisi\u00f3n y rendici\u00f3n de cuentas.<\/p>\n\n\n\n<p>La iniciativa presentada por Meza Guzm\u00e1n fue se\u00f1alada de no realizar cambios sustanciales respecto a la iniciativa original.<\/p>\n\n\n\n<p>La minuta extiende hasta 2028 la participaci\u00f3n de las instituciones castrenses en tareas de seguridad e impone un \u201ccontrol parlamentario\u201d del Poder Legislativo.<\/p>\n\n\n\n<p>El Ejecutivo Federal deber\u00e1 presentar un informe semestral sobre la participaci\u00f3n de las Fuerzas Armadas en tareas de seguridad p\u00fablica. Los plenos del Congreso aprobar\u00e1n dict\u00e1menes semestrales con una evaluaci\u00f3n sobre la estrategia de seguridad que se enviar\u00e1 al Ejecutivo.<\/p>\n\n\n\n<p>Los miembros del Gabinete de Seguridad deber\u00e1n comparecer con frecuencia ante una comisi\u00f3n bicameral.<\/p>\n","protected":false},"excerpt":{"rendered":"<p>martes, 4 de octubre de 2022 El nuevo dictamen sobre el uso de las Fuerzas&#8230;<\/p>\n","protected":false},"author":3,"featured_media":50994,"comment_status":"closed","ping_status":"closed","sticky":false,"template":"","format":"standard","meta":{"footnotes":""},"categories":[4],"tags":[],"class_list":["post-50993","post","type-post","status-publish","format-standard","has-post-thumbnail","hentry","category-noticias-del-dia"],"_links":{"self":[{"href":"https:\/\/bambapolitica.com.mx\/index.php\/wp-json\/wp\/v2\/posts\/50993","targetHints":{"allow":["GET"]}}],"collection":[{"href":"https:\/\/bambapolitica.com.mx\/index.php\/wp-json\/wp\/v2\/posts"}],"about":[{"href":"https:\/\/bambapolitica.com.mx\/index.php\/wp-json\/wp\/v2\/types\/post"}],"author":[{"embeddable":true,"href":"https:\/\/bambapolitica.com.mx\/index.php\/wp-json\/wp\/v2\/users\/3"}],"replies":[{"embeddable":true,"href":"https:\/\/bambapolitica.com.mx\/index.php\/wp-json\/wp\/v2\/comments?post=50993"}],"version-history":[{"count":1,"href":"https:\/\/bambapolitica.com.mx\/index.php\/wp-json\/wp\/v2\/posts\/50993\/revisions"}],"predecessor-version":[{"id":50995,"href":"https:\/\/bambapolitica.com.mx\/index.php\/wp-json\/wp\/v2\/posts\/50993\/revisions\/50995"}],"wp:featuredmedia":[{"embeddable":true,"href":"https:\/\/bambapolitica.com.mx\/index.php\/wp-json\/wp\/v2\/media\/50994"}],"wp:attachment":[{"href":"https:\/\/bambapolitica.com.mx\/index.php\/wp-json\/wp\/v2\/media?parent=50993"}],"wp:term":[{"taxonomy":"category","embeddable":true,"href":"https:\/\/bambapolitica.com.mx\/index.php\/wp-json\/wp\/v2\/categories?post=50993"},{"taxonomy":"post_tag","embeddable":true,"href":"https:\/\/bambapolitica.com.mx\/index.php\/wp-json\/wp\/v2\/tags?post=50993"}],"curies":[{"name":"wp","href":"https:\/\/api.w.org\/{rel}","templated":true}]}}