{"id":51002,"date":"2022-10-04T08:02:17","date_gmt":"2022-10-04T14:02:17","guid":{"rendered":"http:\/\/bambapolitica.com.mx\/?p=51002"},"modified":"2022-10-04T08:02:18","modified_gmt":"2022-10-04T14:02:18","slug":"confirma-amlo-que-sedena-busca-crear-su-propia-aerolinea-incluiria-el-avion-presidencial","status":"publish","type":"post","link":"https:\/\/bambapolitica.com.mx\/index.php\/2022\/10\/04\/confirma-amlo-que-sedena-busca-crear-su-propia-aerolinea-incluiria-el-avion-presidencial\/","title":{"rendered":"Confirma AMLO que Sedena busca crear su propia aerol\u00ednea; incluir\u00eda el Avi\u00f3n Presidencial"},"content":{"rendered":"\n<p>martes, 4 de octubre de 2022<\/p>\n\n\n\n<p>El presidente L\u00f3pez Obrador dijo que la Sedena, v\u00eda la empresa Olmeca-Maya-Mexica, le present\u00f3 el proyecto de una aerol\u00ednea propia<\/p>\n\n\n\n<p><br>El presidente Andr\u00e9s Manuel L\u00f3pez Obrador confirm\u00f3 que la Secretar\u00eda de la Defensa Nacional (Sedena) planea tener su propia aerol\u00ednea.<\/p>\n\n\n\n<p><br>En la conferencia matutina de Palacio Nacional, L\u00f3pez Obrador detall\u00f3 que ya le fue presentado el proyecto, donde tambi\u00e9n se contempla el Avi\u00f3n Presidencial TP-01 Boeing 787-8 \u201cJos\u00e9 Mar\u00eda Morelos y Pav\u00f3n\u201d.<\/p>\n\n\n\n<p>\u201cEs cierto eso, se est\u00e1 trabajando en eso, es la posibilidad de que se tenga un proyecto para contar con una l\u00ednea a\u00e9rea que maneje la misma empresa que va a tener a su cargo el Tren Maya y los aeropuertos, el AIFA, el que ya se inici\u00f3 la construcci\u00f3n del aeropuerto de Tulum\u201d, dijo.<\/p>\n\n\n\n<p>\u201cAcabo de ver apenas el proyecto, lo vi en Yucat\u00e1n hace 15 d\u00edas que me lo presentaron. Se est\u00e1 haciendo el an\u00e1lisis econ\u00f3mico, de viabilidad, y se contempla el avi\u00f3n presidencial, o sea entregarlo a la empresa\u201d, refiri\u00f3.<\/p>\n\n\n\n<p>El mandatario mexicano detall\u00f3 que todav\u00eda se encuentran analizando este proyecto, sin embargo, explic\u00f3 que \u201ces muy probable que para el a\u00f1o pr\u00f3ximo est\u00e9 esta nueva l\u00ednea a\u00e9rea\u201d.<\/p>\n\n\n\n<p>Seg\u00fan los documentos filtrados por el grupo de hacktivistas autodenominado Guacamaya y dado a conocer en El Universal, la Sedena trabaja en la creaci\u00f3n de una nueva aerol\u00ednea con una flotilla de 10 aviones arrendados, el cual es impulsado por el Grupo Aeroportuario, Ferroviario y de Servicios Auxiliares Olmeca-Maya-Mexica (GAFSAOMM).<\/p>\n\n\n\n<p>Seg\u00fan la informaci\u00f3n, la nueva aerol\u00ednea tendr\u00eda un costo operativo y administrativo anual de entre mil y mil 800 millones de pesos, aunque depender\u00e1 del modelo de aviones que se elija, las cuales podr\u00edan ser entre Airbus A320, Boeing 737 o ATR-72.<\/p>\n\n\n\n<p>El Grupo Aeroportuario, Ferroviario y de Servicios Auxiliares Olmeca-Maya-Mexica es una empresa p\u00fablica administrada por la edena, y que se encarga de operar los aeropuertos Felipe \u00c1ngeles, en el Edomex; Tulum y Chetumal, en Quintana Roo; Palenque, en Chiapas, as\u00ed como el Tren Maya.<\/p>\n\n\n\n<p>Adem\u00e1s, tambi\u00e9n contempla la creaci\u00f3n de una empresa tur\u00edstica que administre tres hoteles, dos museos y dos parques ecol\u00f3gicos.<\/p>\n","protected":false},"excerpt":{"rendered":"<p>martes, 4 de octubre de 2022 El presidente L\u00f3pez Obrador dijo que la Sedena, v\u00eda&#8230;<\/p>\n","protected":false},"author":3,"featured_media":51003,"comment_status":"closed","ping_status":"closed","sticky":false,"template":"","format":"standard","meta":{"footnotes":""},"categories":[4],"tags":[],"class_list":["post-51002","post","type-post","status-publish","format-standard","has-post-thumbnail","hentry","category-noticias-del-dia"],"_links":{"self":[{"href":"https:\/\/bambapolitica.com.mx\/index.php\/wp-json\/wp\/v2\/posts\/51002","targetHints":{"allow":["GET"]}}],"collection":[{"href":"https:\/\/bambapolitica.com.mx\/index.php\/wp-json\/wp\/v2\/posts"}],"about":[{"href":"https:\/\/bambapolitica.com.mx\/index.php\/wp-json\/wp\/v2\/types\/post"}],"author":[{"embeddable":true,"href":"https:\/\/bambapolitica.com.mx\/index.php\/wp-json\/wp\/v2\/users\/3"}],"replies":[{"embeddable":true,"href":"https:\/\/bambapolitica.com.mx\/index.php\/wp-json\/wp\/v2\/comments?post=51002"}],"version-history":[{"count":1,"href":"https:\/\/bambapolitica.com.mx\/index.php\/wp-json\/wp\/v2\/posts\/51002\/revisions"}],"predecessor-version":[{"id":51004,"href":"https:\/\/bambapolitica.com.mx\/index.php\/wp-json\/wp\/v2\/posts\/51002\/revisions\/51004"}],"wp:featuredmedia":[{"embeddable":true,"href":"https:\/\/bambapolitica.com.mx\/index.php\/wp-json\/wp\/v2\/media\/51003"}],"wp:attachment":[{"href":"https:\/\/bambapolitica.com.mx\/index.php\/wp-json\/wp\/v2\/media?parent=51002"}],"wp:term":[{"taxonomy":"category","embeddable":true,"href":"https:\/\/bambapolitica.com.mx\/index.php\/wp-json\/wp\/v2\/categories?post=51002"},{"taxonomy":"post_tag","embeddable":true,"href":"https:\/\/bambapolitica.com.mx\/index.php\/wp-json\/wp\/v2\/tags?post=51002"}],"curies":[{"name":"wp","href":"https:\/\/api.w.org\/{rel}","templated":true}]}}