{"id":51005,"date":"2022-10-04T08:09:35","date_gmt":"2022-10-04T14:09:35","guid":{"rendered":"http:\/\/bambapolitica.com.mx\/?p=51005"},"modified":"2022-10-04T08:09:37","modified_gmt":"2022-10-04T14:09:37","slug":"reportan-la-detencion-de-el-seven-en-cuernavaca-tras-operativo","status":"publish","type":"post","link":"https:\/\/bambapolitica.com.mx\/index.php\/2022\/10\/04\/reportan-la-detencion-de-el-seven-en-cuernavaca-tras-operativo\/","title":{"rendered":"Reportan la detenci\u00f3n de \u2018El Seven\u2019 en Cuernavaca tras operativo"},"content":{"rendered":"\n<p>martes, 4 de octubre de 2022<\/p>\n\n\n\n<p>El operativo en el que habr\u00eda sido detenido \u2018El Seven\u2019 se registr\u00f3 sobre la calle V\u00eda L\u00e1ctea, en la colonia Rancho Tetela, en Cuernavaca<br>La tarde de este lunes, un operativo en Cuernavaca, Morelos, habr\u00eda derivado en la detenci\u00f3n de Israel Blanco Nava, alias \u2018El Seven\u2018, uno de los objetivos criminales prioritarios para el gobierno estatal.<\/p>\n\n\n\n<p>De acuerdo con reportes, los hechos se registraron sobre la calle V\u00eda L\u00e1ctea, en la colonia Rancho Tetela.<\/p>\n\n\n\n<p>Videos compartidos por medios locales muestran el momento en que el capo criminal habr\u00eda sido detenido.<br>El Colegio Marymount de Cuernavaca confirm\u00f3 la detenci\u00f3n de un sujeto en una de las puertas de su Campus en Rancho Tetela.<\/p>\n","protected":false},"excerpt":{"rendered":"<p>martes, 4 de octubre de 2022 El operativo en el que habr\u00eda sido detenido \u2018El&#8230;<\/p>\n","protected":false},"author":3,"featured_media":51006,"comment_status":"closed","ping_status":"closed","sticky":false,"template":"","format":"standard","meta":{"footnotes":""},"categories":[2],"tags":[],"class_list":["post-51005","post","type-post","status-publish","format-standard","has-post-thumbnail","hentry","category-policiaca"],"_links":{"self":[{"href":"https:\/\/bambapolitica.com.mx\/index.php\/wp-json\/wp\/v2\/posts\/51005","targetHints":{"allow":["GET"]}}],"collection":[{"href":"https:\/\/bambapolitica.com.mx\/index.php\/wp-json\/wp\/v2\/posts"}],"about":[{"href":"https:\/\/bambapolitica.com.mx\/index.php\/wp-json\/wp\/v2\/types\/post"}],"author":[{"embeddable":true,"href":"https:\/\/bambapolitica.com.mx\/index.php\/wp-json\/wp\/v2\/users\/3"}],"replies":[{"embeddable":true,"href":"https:\/\/bambapolitica.com.mx\/index.php\/wp-json\/wp\/v2\/comments?post=51005"}],"version-history":[{"count":1,"href":"https:\/\/bambapolitica.com.mx\/index.php\/wp-json\/wp\/v2\/posts\/51005\/revisions"}],"predecessor-version":[{"id":51007,"href":"https:\/\/bambapolitica.com.mx\/index.php\/wp-json\/wp\/v2\/posts\/51005\/revisions\/51007"}],"wp:featuredmedia":[{"embeddable":true,"href":"https:\/\/bambapolitica.com.mx\/index.php\/wp-json\/wp\/v2\/media\/51006"}],"wp:attachment":[{"href":"https:\/\/bambapolitica.com.mx\/index.php\/wp-json\/wp\/v2\/media?parent=51005"}],"wp:term":[{"taxonomy":"category","embeddable":true,"href":"https:\/\/bambapolitica.com.mx\/index.php\/wp-json\/wp\/v2\/categories?post=51005"},{"taxonomy":"post_tag","embeddable":true,"href":"https:\/\/bambapolitica.com.mx\/index.php\/wp-json\/wp\/v2\/tags?post=51005"}],"curies":[{"name":"wp","href":"https:\/\/api.w.org\/{rel}","templated":true}]}}